{"id":25137,"date":"2024-04-17T11:54:53","date_gmt":"2024-04-17T10:54:53","guid":{"rendered":"https:\/\/www.cinc.com\/?p=25137"},"modified":"2024-04-17T11:54:54","modified_gmt":"2024-04-17T10:54:54","slug":"novetats-al-reglament-general-de-recaptacio-de-la-seguretat-social","status":"publish","type":"post","link":"https:\/\/www.cinc.com\/ca\/novetats-al-reglament-general-de-recaptacio-de-la-seguretat-social\/","title":{"rendered":"Novetats al Reglament General de Recaptaci\u00f3 de la Seguretat Social"},"content":{"rendered":"\n<p>L&#8217;1 d&#8217;abril va entrar en vigor el Reial decret 322\/2024, de 26 de mar\u00e7, pel qual es modifica el Reglament general de la Seguretat Social, i que porta importants novetats en la recaptaci\u00f3 i la cotitzaci\u00f3 a la Seguretat Social.<\/p>\n\n\n\n<p>Tot seguit, resumim els canvis m\u00e9s destacats d&#8217;aquesta nova norma:<\/p>\n\n\n\n<h2 class=\"wp-block-heading\">Comunicaci\u00f3 d&#8217;alta d&#8217;aut\u00f2noms societaris<\/h2>\n\n\n\n<p>S&#8217;amplia fins al 30 de juny el termini perqu\u00e8 els aut\u00f2noms societaris envi\u00efn la documentaci\u00f3 relativa sobre la seva activitat segons els seus rendiments nets, prevista al Reial decret 84\/1996, de 26 de gener. Aquestes dades s\u00f3n necess\u00e0ries al nou sistema de cotitzaci\u00f3 del R\u00e8gim Especial de Treballadors Aut\u00f2noms (RETA) en funci\u00f3 dels rendiments nets, i que va entrar en vigor el 2023.<\/p>\n\n\n\n<h2 class=\"wp-block-heading\">Cotitzaci\u00f3 addicional de solidaritat<\/h2>\n\n\n\n<p>Es desenvolupen les normes per a l&#8217;aplicaci\u00f3 de la cotitzaci\u00f3 addicional de solidaritat, que entrar\u00e0 en vigor el pr\u00f2xim 1 de gener de 2025. Aquest canvi comporta l&#8217;obligaci\u00f3 de l&#8217;abonament de quotes addicionals per a persones treballadores per compte d&#8217;altri amb salaris superiors a la base m\u00e0xima de cotitzaci\u00f3 (segons l&#8217;Ordre PJC\/51\/2024, la base m\u00e0xima de cotitzaci\u00f3 \u00e9s de 56.646 euros bruts anuals).<\/p>\n\n\n\n<p>Actualment, els salaris que es troben per sobre de la base m\u00e0xima de cotitzaci\u00f3 estan exempts de cotitzar. No obstant aix\u00f2, a partir de l&#8217;1 de gener de 2025, es dur\u00e0 a terme l&#8217;aplicaci\u00f3 d&#8217;un tipus addicional sobre la quantitat que excedeixi la base m\u00e0xima de cotitzaci\u00f3, i que augmentar\u00e0 de forma progressiva fins a assolir el m\u00e0xim el 2045.<\/p>\n\n\n\n<h2 class=\"wp-block-heading\">Reintegrament de les prestacions percebudes de forma indeguda<\/h2>\n\n\n\n<p>Queda modificat l&#8217;article 80 del Reglament general de recaptaci\u00f3 de la Seguretat Social, que regula el procediment per al reintegrament de les prestacions percebudes indegudament. D\u2019aquesta manera, l\u2019\u00f2rgan competent per resoldre aquest tipus de situacions possibilitar\u00e0 la concessi\u00f3 de sol\u00b7 licituds de pagament fraccionat, en qualsevol cas, amb un import m\u00ednim de 100 euros mensuals i fins a un m\u00e0xim de cinc anys. A m\u00e9s, s&#8217;atenuen els sup\u00f2sits que donen lloc a entendre l&#8217;autoritzaci\u00f3 de pagament fraccionat com a revocada.<\/p>\n\n\n\n<p>En cas de manca d&#8217;ingr\u00e9s de l\u2019import que correspon als 3 terminis del fraccionament, comen\u00e7ar\u00e0 la via executiva de forma autom\u00e0tica. Un cop finalitzat el per\u00edode de pagament de l&#8217;\u00faltim dels terminis, si hi hagu\u00e9s una quantitat pendent d&#8217;abonament comen\u00e7aria la via executiva a trav\u00e9s de l&#8217;emissi\u00f3 corresponent.<\/p>\n\n\n\n<p>Per resoldre qualsevol dubte relatiu a aquestes novetats, pots posar-te en<a href=\"https:\/\/www.cinc.com\/ca\/contacte\/\"> contacte<\/a> amb el <a href=\"https:\/\/www.cinc.com\/es\/asesoria-de-empresas-y-gestoria\/asesoria-laboral\/\">Departament Laboral<\/a> de CINC Assessoria.<\/p>\n","protected":false},"excerpt":{"rendered":"<p>L&#8217;1 d&#8217;abril va entrar en vigor el Reial decret 322\/2024, de 26 de mar\u00e7, pel qual es modifica el Reglament general de la Seguretat Social, i que porta importants novetats en la recaptaci\u00f3 i la cotitzaci\u00f3 a la Seguretat Social.<\/p>\n","protected":false},"author":8,"featured_media":25133,"comment_status":"open","ping_status":"open","sticky":false,"template":"","format":"standard","meta":{"_acf_changed":false,"_uag_custom_page_level_css":"","_jetpack_memberships_contains_paid_content":false,"footnotes":""},"categories":[18],"tags":[86],"class_list":["post-25137","post","type-post","status-publish","format-standard","has-post-thumbnail","hentry","category-assessoria","tag-laboral-2"],"acf":[],"jetpack_featured_media_url":"https:\/\/www.cinc.com\/wp-content\/uploads\/2024\/04\/reglamento-general-recaudacion-seguridad-social.webp","uagb_featured_image_src":{"full":["https:\/\/www.cinc.com\/wp-content\/uploads\/2024\/04\/reglamento-general-recaudacion-seguridad-social.webp",1920,1080,false],"thumbnail":["https:\/\/www.cinc.com\/wp-content\/uploads\/2024\/04\/reglamento-general-recaudacion-seguridad-social-150x150.webp",150,150,true],"medium":["https:\/\/www.cinc.com\/wp-content\/uploads\/2024\/04\/reglamento-general-recaudacion-seguridad-social-300x169.webp",300,169,true],"medium_large":["https:\/\/www.cinc.com\/wp-content\/uploads\/2024\/04\/reglamento-general-recaudacion-seguridad-social-768x432.webp",768,432,true],"large":["https:\/\/www.cinc.com\/wp-content\/uploads\/2024\/04\/reglamento-general-recaudacion-seguridad-social-1024x576.webp",960,540,true],"1536x1536":["https:\/\/www.cinc.com\/wp-content\/uploads\/2024\/04\/reglamento-general-recaudacion-seguridad-social-1536x864.webp",1536,864,true],"2048x2048":["https:\/\/www.cinc.com\/wp-content\/uploads\/2024\/04\/reglamento-general-recaudacion-seguridad-social.webp",1920,1080,false],"gform-image-choice-sm":["https:\/\/www.cinc.com\/wp-content\/uploads\/2024\/04\/reglamento-general-recaudacion-seguridad-social.webp",300,169,false],"gform-image-choice-md":["https:\/\/www.cinc.com\/wp-content\/uploads\/2024\/04\/reglamento-general-recaudacion-seguridad-social.webp",400,225,false],"gform-image-choice-lg":["https:\/\/www.cinc.com\/wp-content\/uploads\/2024\/04\/reglamento-general-recaudacion-seguridad-social.webp",600,338,false]},"uagb_author_info":{"display_name":"F\u00e0tima Duran","author_link":"https:\/\/www.cinc.com\/ca\/author\/fatima\/"},"uagb_comment_info":0,"uagb_excerpt":"L'1 d'abril va entrar en vigor el Reial decret 322\/2024, de 26 de mar\u00e7, pel qual es modifica el Reglament general de la Seguretat Social, i que porta importants novetats en la recaptaci\u00f3 i la cotitzaci\u00f3 a la Seguretat Social.","jetpack_sharing_enabled":true,"_links":{"self":[{"href":"https:\/\/www.cinc.com\/ca\/wp-json\/wp\/v2\/posts\/25137","targetHints":{"allow":["GET"]}}],"collection":[{"href":"https:\/\/www.cinc.com\/ca\/wp-json\/wp\/v2\/posts"}],"about":[{"href":"https:\/\/www.cinc.com\/ca\/wp-json\/wp\/v2\/types\/post"}],"author":[{"embeddable":true,"href":"https:\/\/www.cinc.com\/ca\/wp-json\/wp\/v2\/users\/8"}],"replies":[{"embeddable":true,"href":"https:\/\/www.cinc.com\/ca\/wp-json\/wp\/v2\/comments?post=25137"}],"version-history":[{"count":1,"href":"https:\/\/www.cinc.com\/ca\/wp-json\/wp\/v2\/posts\/25137\/revisions"}],"predecessor-version":[{"id":25138,"href":"https:\/\/www.cinc.com\/ca\/wp-json\/wp\/v2\/posts\/25137\/revisions\/25138"}],"wp:featuredmedia":[{"embeddable":true,"href":"https:\/\/www.cinc.com\/ca\/wp-json\/wp\/v2\/media\/25133"}],"wp:attachment":[{"href":"https:\/\/www.cinc.com\/ca\/wp-json\/wp\/v2\/media?parent=25137"}],"wp:term":[{"taxonomy":"category","embeddable":true,"href":"https:\/\/www.cinc.com\/ca\/wp-json\/wp\/v2\/categories?post=25137"},{"taxonomy":"post_tag","embeddable":true,"href":"https:\/\/www.cinc.com\/ca\/wp-json\/wp\/v2\/tags?post=25137"}],"curies":[{"name":"wp","href":"https:\/\/api.w.org\/{rel}","templated":true}]}}