{"id":2485,"date":"2020-01-15T00:00:00","date_gmt":"2020-01-15T00:00:00","guid":{"rendered":"https:\/\/www.cinc.com\/els-clients-de-cinc-barcelona-posen-el-seu-gra-de-sorra-en-una-campanya-solidaria-de-recollida-de-roba\/"},"modified":"2025-05-02T11:47:48","modified_gmt":"2025-05-02T10:47:48","slug":"els-clients-de-cinc-barcelona-posen-el-seu-gra-de-sorra-en-una-campanya-solidaria-de-recollida-de-roba","status":"publish","type":"post","link":"https:\/\/www.cinc.com\/ca\/els-clients-de-cinc-barcelona-posen-el-seu-gra-de-sorra-en-una-campanya-solidaria-de-recollida-de-roba\/","title":{"rendered":"Els clients de CINC Barcelona posen el seu gra de sorra en una campanya solid\u00e0ria de recollida de roba"},"content":{"rendered":"<div style=\"text-align: justify;\">\n<div>Del 14 de desembre al 8 de gener vam posar en marxa a la recepci\u00f3 de CINC Barcelona una campanya solid\u00e0ria de recollida de roba promoguda per la Fundaci\u00f3 Formaci\u00f3 i Treball entre altres empreses associades a l&#8217;Associaci\u00f3 22@network.<\/div>\n<div><\/div>\n<div>Volem felicitar els nostres clients per la gran implicaci\u00f3 que han tingut en aquesta campanya: gr\u00e0cies a la seva col\u00b7laboraci\u00f3 hem aconseguit recollir 260 kilos de roba (l&#8217;equivalent a 5 contenidors plens). Amb aquest gest solidari, a m\u00e9s de donar una segona vida a aquests productes, s&#8217;aconsegueix generar un impacte social i mediambiental positius a trav\u00e9s de:<\/div>\n<div><\/div>\n<ul>\n<li>La facilitaci\u00f3 de l&#8217;acc\u00e9s a productes de primera necessitat a persones i fam\u00edlies amb escassos recursos.<\/li>\n<li>La creaci\u00f3 de llocs de feina per a col\u00b7lectius vulnerables.<\/li>\n<li>La reducci\u00f3 de residus i promoci\u00f3 d\u2019un model sostenible.<\/li>\n<\/ul>\n<div>Podeu veure la tasca que duu a terme Fundaci\u00f3 Amiga <a href=\"http:\/\/www.youtube.com\/watch?v=s0RFMtobTYM&amp;t=6s\" target=\"_blank\" rel=\"noopener\">en aquest v\u00eddeo<\/a>.<\/div>\n<div><\/div>\n<div>Tamb\u00e9 compartim amb vosaltres la carta d&#8217;agra\u00efment que ens ha fet arribar la Fundaci\u00f3 Formaci\u00f3 i Treball i que podeu llegir <a href=\"https:\/\/www.cinc.com\/pubDocs\/carta-fundacio-treball-cinc.pdf\" target=\"_blank\" rel=\"noopener\">aqu\u00ed<\/a>.<\/div>\n<div><\/div>\n<div>De part de l\u2019equip del CINC Barcelona, moltes gr\u00e0cies a tots els qui heu participat en aquesta campanya i feu possible aquest tipus d\u2019iniciatives.<\/div>\n<div><\/div>\n<div>\n<h2 class=\"h2Noticia\">Sobre la Fundaci\u00f3 Formaci\u00f3 i Treball<\/h2>\n<hr \/>\n<\/div>\n<div>Els or\u00edgens d\u2019aquesta entitat es remunten a quan C\u00e0ritas Diocesana de Barcelona, a trav\u00e9s d\u2019una educadora i l\u2019ajut de joves volunt\u00e0ries, va iniciar la coordinaci\u00f3 de quatre dones en situaci\u00f3 de vulnerabilitat per gestionar la selecci\u00f3 de la roba que arribava a les parr\u00f2quies i la seva posterior entrega a fam\u00edlies que sol\u00b7licitaven assist\u00e8ncia.<\/div>\n<div><\/div>\n<div>El 1992 C\u00e0ritas va fundar la Fundaci\u00f3 Formaci\u00f3 i Treball amb la finalitat de contribuir a la inserci\u00f3 laboral de persones en risc d\u2019exclusi\u00f3 social, a m\u00e9s de gestionar l\u2019entrega de roba, mobles i altres equipaments a fam\u00edlies vulnerables.<\/div>\n<\/div>\n","protected":false},"excerpt":{"rendered":"<p style=\"text-align: justify;\">\n\tDel 14 de desembre al 8 de gener vam posar en marxa a la recepci&oacute; de CINC Barcelona una campanya solid&agrave;ria de recollida de roba promoguda per la Fundaci&oacute; Formaci&oacute; i Treball entre altres empreses associades a l&#39;Associaci&oacute; 22@network.&nbsp;<\/p>\n","protected":false},"author":2,"featured_media":2486,"comment_status":"open","ping_status":"open","sticky":false,"template":"","format":"standard","meta":{"_acf_changed":false,"_uag_custom_page_level_css":"","_jetpack_memberships_contains_paid_content":false,"footnotes":""},"categories":[18],"tags":[],"class_list":["post-2485","post","type-post","status-publish","format-standard","has-post-thumbnail","hentry","category-assessoria"],"acf":[],"jetpack_featured_media_url":"https:\/\/www.cinc.com\/wp-content\/uploads\/2023\/03\/781.jpg","uagb_featured_image_src":{"full":["https:\/\/www.cinc.com\/wp-content\/uploads\/2023\/03\/781.jpg",1114,362,false],"thumbnail":["https:\/\/www.cinc.com\/wp-content\/uploads\/2023\/03\/781.jpg",150,49,false],"medium":["https:\/\/www.cinc.com\/wp-content\/uploads\/2023\/03\/781.jpg",300,97,false],"medium_large":["https:\/\/www.cinc.com\/wp-content\/uploads\/2023\/03\/781.jpg",768,250,false],"large":["https:\/\/www.cinc.com\/wp-content\/uploads\/2023\/03\/781.jpg",960,312,false],"1536x1536":["https:\/\/www.cinc.com\/wp-content\/uploads\/2023\/03\/781.jpg",1114,362,false],"2048x2048":["https:\/\/www.cinc.com\/wp-content\/uploads\/2023\/03\/781.jpg",1114,362,false],"gform-image-choice-sm":["https:\/\/www.cinc.com\/wp-content\/uploads\/2023\/03\/781.jpg",300,97,false],"gform-image-choice-md":["https:\/\/www.cinc.com\/wp-content\/uploads\/2023\/03\/781.jpg",400,130,false],"gform-image-choice-lg":["https:\/\/www.cinc.com\/wp-content\/uploads\/2023\/03\/781.jpg",600,195,false]},"uagb_author_info":{"display_name":"Utrans","author_link":"https:\/\/www.cinc.com\/ca\/author\/utrans\/"},"uagb_comment_info":0,"uagb_excerpt":"Del 14 de desembre al 8 de gener vam posar en marxa a la recepci&oacute; de CINC Barcelona una campanya solid&agrave;ria de recollida de roba promoguda per la Fundaci&oacute; Formaci&oacute; i Treball entre altres empreses associades a l&#39;Associaci&oacute; 22@network.&nbsp;","jetpack_sharing_enabled":true,"_links":{"self":[{"href":"https:\/\/www.cinc.com\/ca\/wp-json\/wp\/v2\/posts\/2485","targetHints":{"allow":["GET"]}}],"collection":[{"href":"https:\/\/www.cinc.com\/ca\/wp-json\/wp\/v2\/posts"}],"about":[{"href":"https:\/\/www.cinc.com\/ca\/wp-json\/wp\/v2\/types\/post"}],"author":[{"embeddable":true,"href":"https:\/\/www.cinc.com\/ca\/wp-json\/wp\/v2\/users\/2"}],"replies":[{"embeddable":true,"href":"https:\/\/www.cinc.com\/ca\/wp-json\/wp\/v2\/comments?post=2485"}],"version-history":[{"count":1,"href":"https:\/\/www.cinc.com\/ca\/wp-json\/wp\/v2\/posts\/2485\/revisions"}],"predecessor-version":[{"id":29816,"href":"https:\/\/www.cinc.com\/ca\/wp-json\/wp\/v2\/posts\/2485\/revisions\/29816"}],"wp:featuredmedia":[{"embeddable":true,"href":"https:\/\/www.cinc.com\/ca\/wp-json\/wp\/v2\/media\/2486"}],"wp:attachment":[{"href":"https:\/\/www.cinc.com\/ca\/wp-json\/wp\/v2\/media?parent=2485"}],"wp:term":[{"taxonomy":"category","embeddable":true,"href":"https:\/\/www.cinc.com\/ca\/wp-json\/wp\/v2\/categories?post=2485"},{"taxonomy":"post_tag","embeddable":true,"href":"https:\/\/www.cinc.com\/ca\/wp-json\/wp\/v2\/tags?post=2485"}],"curies":[{"name":"wp","href":"https:\/\/api.w.org\/{rel}","templated":true}]}}