{"id":24800,"date":"2024-03-26T12:03:20","date_gmt":"2024-03-26T11:03:20","guid":{"rendered":"https:\/\/www.cinc.com\/?p=24800"},"modified":"2024-03-26T13:17:46","modified_gmt":"2024-03-26T12:17:46","slug":"entrevista-a-edenred-mobility","status":"publish","type":"post","link":"https:\/\/www.cinc.com\/ca\/entrevista-a-edenred-mobility\/","title":{"rendered":"Entrevista a Edenred Mobility"},"content":{"rendered":"\n<p><strong>Any de fundaci\u00f3:<\/strong> Grup Edenred (2010), sucursal Espa\u00f1a Mobility (2023)<br><strong>Sector: <\/strong>Serveis a empreses \/ B2B<br><strong>Ubicaci\u00f3:<\/strong> Barcelona<br><strong>Lloc web:<\/strong> <a href=\"https:\/\/mitarjetagasolina.es\/\" target=\"_blank\" rel=\"noreferrer noopener\">www.mitargetagasolina.es<\/a><\/p>\n\n\n\n<p>Entrevistem a Thomas Ferte, Director General de Edenred Mobility.<\/p>\n\n\n\n<p><\/p>\n\n\n\n<h2 class=\"wp-block-heading\">A qu\u00e8 es dedica Edenred Mobility?<\/h2>\n\n\n\n<p>Edenred Mobility ofereix solucions de gesti\u00f3 de despeses de mobilitat per a empreses. Ajudem a economitzar i gestionar millor les despeses de carburant dels seus vehicles professionals gr\u00e0cies les nostres targetes de gasolina i altres serveis relacionats amb vehicles.<\/p>\n\n\n\n<p><\/p>\n\n\n\n<h2 class=\"wp-block-heading\">D&#8217;on \u00e9s la companyia? En quants pa\u00efsos est\u00e0 present?<\/h2>\n\n\n\n<p>Edenred Mobility \u00e9s una sucursal del grup Edenred, un grup franc\u00e8s l\u00edder en el mercat dels beneficis socials, la retribuci\u00f3 flexible i la gesti\u00f3 de despeses de mobilitat. La companyia est\u00e0 present en m\u00e9s de 45 pa\u00efsos, per la qual cosa t\u00e9 una forta pres\u00e8ncia global.<\/p>\n\n\n\n<p>En la sucursal de Edenred Mobility, nosaltres ens enfoquem en els clients Pimes i Aut\u00f2noms espanyols per a ajudar-los a controlar en particular les seves despeses de carburant.<\/p>\n\n\n\n<p><\/p>\n\n\n\n<h2 class=\"wp-block-heading\">Quines s\u00f3n les aplicacions\/beneficis de les targetes que distribueix Edenred Mobility?<\/h2>\n\n\n\n<p>Entre tots els avantatges de contractar targetes de gasolina, podem destacar el seg\u00fcent:<\/p>\n\n\n\n<ul class=\"wp-block-list\">\n<li>Ofereixen descomptes competitius que permeten estalviar en les teves factures de carburants.<\/li>\n\n\n\n<li>Amb els pagaments ajornats (pago fi de mes o quinzena), et permeten optimitzar les teves finances i gaudir de la teva mobilitat sense preocupacions.<\/li>\n\n\n\n<li>La factura \u00fanica inclou totes les transaccions dels teus vehicles, la qual cosa et permet simplificar les teves tasques administratives. Gestiones l&#8217;IVA de manera m\u00e9s eficient i sense complicacions.<\/li>\n\n\n\n<li>A m\u00e9s, et permeten controlar i fer un seguiment detallat de les teves despeses en carburant, aix\u00ed com optimitzar la gesti\u00f3 d&#8217;aquests costos<\/li>\n<\/ul>\n\n\n\n<p><\/p>\n\n\n\n<h2 class=\"wp-block-heading\">Quin \u00e9s el vostre valor diferencial?<\/h2>\n\n\n\n<p>Oferim les millors targetes de les companyies petrolieres l\u00edders en el mercat amb preus competitius i descomptes molt atractius. Gr\u00e0cies a aquestes targetes de gasolina, tamb\u00e9 \u00e9s possible accedir a una \u00e0mplia xarxa de peatges, rentades i aparcaments en tota Espanya. Oferim aquest servei sense dip\u00f2sit de garantia obligat\u00f2ria, sense aval ni finan\u00e7aments sistem\u00e0tics.<\/p>\n\n\n\n<p>Els nostres clients valoren especialment el tracte personalitzat que reben per part del nostre personal d&#8217;atenci\u00f3 al client.<\/p>\n\n\n\n<p><\/p>\n\n\n\n<h2 class=\"wp-block-heading\">Com es pot obtenir aquestes targetes?<\/h2>\n\n\n\n<p>Per a aconseguir-les, les empreses poden contactar amb nosaltres a trav\u00e9s del formulari de<a href=\"https:\/\/mitarjetagasolina.es\/#form\" target=\"_blank\" rel=\"noreferrer noopener\"> contacte<\/a> de la nostra web, o b\u00e9 escriure&#8217;ns en l&#8217;adre\u00e7a de correu electr\u00f2nic <a href=\"mailto:contacto@mitarjetagasolina.es\" target=\"_blank\" rel=\"noreferrer noopener\">contacto@mitarjetagasolina.es<\/a>.  Aix\u00ed de senzill. Una vegada signat el contracte, els fem arribar la targeta a la direcci\u00f3 que ens facilitin.<\/p>\n\n\n\n<p>A m\u00e9s, per als clients de CINC, tenim una quota especial. Poden preguntar-nos tamb\u00e9 en el correu que hem facilitat.<\/p>\n\n\n\n<p><\/p>\n\n\n\n<h2 class=\"wp-block-heading\">Qu\u00e8 \u00e9s el que m\u00e9s valoreu de CINC?<\/h2>\n\n\n\n<p>CINC ens ajuda en tot: a gestionar la nostra comptabilitat, ens ofereixen assessoria sobre temes fiscals, legals, Protecci\u00f3 de Dades, en la contractaci\u00f3 d&#8217;empleats, etc. Valorem especialment l&#8217;acompanyament a mesura que ens ofereix, i ens agrada molt la manera de treballar de tot el seu equip de professionals: s\u00f3n molt proactius, efica\u00e7os i competents.<\/p>\n","protected":false},"excerpt":{"rendered":"<p>Entrevistem a Thomas Ferte, Director General de Edenred Mobility, una empresa instaurada en el sector B2B des de 2010.<\/p>\n","protected":false},"author":8,"featured_media":24819,"comment_status":"open","ping_status":"open","sticky":false,"template":"","format":"standard","meta":{"_acf_changed":false,"_uag_custom_page_level_css":"","_jetpack_memberships_contains_paid_content":false,"footnotes":""},"categories":[19],"tags":[],"class_list":["post-24800","post","type-post","status-publish","format-standard","has-post-thumbnail","hentry","category-entrevistes"],"acf":[],"jetpack_featured_media_url":"https:\/\/www.cinc.com\/wp-content\/uploads\/2024\/03\/Fotos-Blog-CINC-WordPress-22.webp","uagb_featured_image_src":{"full":["https:\/\/www.cinc.com\/wp-content\/uploads\/2024\/03\/Fotos-Blog-CINC-WordPress-22.webp",1920,1080,false],"thumbnail":["https:\/\/www.cinc.com\/wp-content\/uploads\/2024\/03\/Fotos-Blog-CINC-WordPress-22-150x150.webp",150,150,true],"medium":["https:\/\/www.cinc.com\/wp-content\/uploads\/2024\/03\/Fotos-Blog-CINC-WordPress-22-300x169.webp",300,169,true],"medium_large":["https:\/\/www.cinc.com\/wp-content\/uploads\/2024\/03\/Fotos-Blog-CINC-WordPress-22-768x432.webp",768,432,true],"large":["https:\/\/www.cinc.com\/wp-content\/uploads\/2024\/03\/Fotos-Blog-CINC-WordPress-22-1024x576.webp",960,540,true],"1536x1536":["https:\/\/www.cinc.com\/wp-content\/uploads\/2024\/03\/Fotos-Blog-CINC-WordPress-22-1536x864.webp",1536,864,true],"2048x2048":["https:\/\/www.cinc.com\/wp-content\/uploads\/2024\/03\/Fotos-Blog-CINC-WordPress-22.webp",1920,1080,false],"gform-image-choice-sm":["https:\/\/www.cinc.com\/wp-content\/uploads\/2024\/03\/Fotos-Blog-CINC-WordPress-22.webp",300,169,false],"gform-image-choice-md":["https:\/\/www.cinc.com\/wp-content\/uploads\/2024\/03\/Fotos-Blog-CINC-WordPress-22.webp",400,225,false],"gform-image-choice-lg":["https:\/\/www.cinc.com\/wp-content\/uploads\/2024\/03\/Fotos-Blog-CINC-WordPress-22.webp",600,338,false]},"uagb_author_info":{"display_name":"F\u00e0tima Duran","author_link":"https:\/\/www.cinc.com\/ca\/author\/fatima\/"},"uagb_comment_info":0,"uagb_excerpt":"Entrevistem a Thomas Ferte, Director General de Edenred Mobility, una empresa instaurada en el sector B2B des de 2010.","jetpack_sharing_enabled":true,"_links":{"self":[{"href":"https:\/\/www.cinc.com\/ca\/wp-json\/wp\/v2\/posts\/24800","targetHints":{"allow":["GET"]}}],"collection":[{"href":"https:\/\/www.cinc.com\/ca\/wp-json\/wp\/v2\/posts"}],"about":[{"href":"https:\/\/www.cinc.com\/ca\/wp-json\/wp\/v2\/types\/post"}],"author":[{"embeddable":true,"href":"https:\/\/www.cinc.com\/ca\/wp-json\/wp\/v2\/users\/8"}],"replies":[{"embeddable":true,"href":"https:\/\/www.cinc.com\/ca\/wp-json\/wp\/v2\/comments?post=24800"}],"version-history":[{"count":4,"href":"https:\/\/www.cinc.com\/ca\/wp-json\/wp\/v2\/posts\/24800\/revisions"}],"predecessor-version":[{"id":24811,"href":"https:\/\/www.cinc.com\/ca\/wp-json\/wp\/v2\/posts\/24800\/revisions\/24811"}],"wp:featuredmedia":[{"embeddable":true,"href":"https:\/\/www.cinc.com\/ca\/wp-json\/wp\/v2\/media\/24819"}],"wp:attachment":[{"href":"https:\/\/www.cinc.com\/ca\/wp-json\/wp\/v2\/media?parent=24800"}],"wp:term":[{"taxonomy":"category","embeddable":true,"href":"https:\/\/www.cinc.com\/ca\/wp-json\/wp\/v2\/categories?post=24800"},{"taxonomy":"post_tag","embeddable":true,"href":"https:\/\/www.cinc.com\/ca\/wp-json\/wp\/v2\/tags?post=24800"}],"curies":[{"name":"wp","href":"https:\/\/api.w.org\/{rel}","templated":true}]}}