{"id":24698,"date":"2024-03-22T12:48:26","date_gmt":"2024-03-22T11:48:26","guid":{"rendered":"https:\/\/www.cinc.com\/?p=24698"},"modified":"2024-03-28T12:01:30","modified_gmt":"2024-03-28T11:01:30","slug":"campanya-de-la-renda-2023-texpliquem-totes-les-claus-per-a-presentar-la","status":"publish","type":"post","link":"https:\/\/www.cinc.com\/ca\/campanya-de-la-renda-2023-texpliquem-totes-les-claus-per-a-presentar-la\/","title":{"rendered":"Campanya de la Renda 2023: novetats i aspectes a tenir en compte en la declaraci\u00f3"},"content":{"rendered":"\n<p>El 3 d&#8217;abril comen\u00e7a el termini de presentaci\u00f3 de la declaraci\u00f3 de la Renda 2023, que finalitza el 30 de juny de 2024, en la qual hauran de declarar-se tots els ingressos generats durant 2023, amb la possibilitat d&#8217;aplicar totes les deduccions corresponents.<\/p>\n\n\n\n<p><\/p>\n\n\n\n<h2 class=\"wp-block-heading\">Qui t\u00e9 l&#8217;obligaci\u00f3 de presentar la Renda i quines novetats afecten la declaraci\u00f3?<\/h2>\n\n\n\n<p>Tenen obligaci\u00f3 de realitzar la declaraci\u00f3 de la Renda tots aquells contribuents que, durant l&#8217;any anterior (exercici fiscal 2023) hagin obtingut ingressos que superin els l\u00edmits que exposem a continuaci\u00f3. D&#8217;altra banda, caldr\u00e0 parar esment a les novetats que afecten la declaraci\u00f3 d&#8217;enguany. Consulta tots els detalls en aquest document:<\/p>\n\n\n\n<p><\/p>\n\n\n\n<div class=\"wp-block-buttons is-content-justification-center is-layout-flex wp-container-core-buttons-is-layout-a89b3969 wp-block-buttons-is-layout-flex\">\n<div class=\"wp-block-button is-style-outline is-style-outline--1\"><a class=\"wp-block-button__link wp-element-button\" href=\"https:\/\/www.cinc.com\/wp-content\/uploads\/2024\/03\/Circular-declaracio-de-la-Renda_CAT-1.pdf\" target=\"_blank\" rel=\"noreferrer noopener\">Veure novetats Renda 2023<\/a><\/div>\n<\/div>\n\n\n\n<p><\/p>\n\n\n\n<h2 class=\"wp-block-heading\">T&#8217;ajudem amb la Declaraci\u00f3 de la Renda<\/h2>\n\n\n\n<p>Si no vols perdre m\u00e9s temps amb la Renda, des de CINC revisem el teu esborrany i la presentem per tu. Si vols m\u00e9s informaci\u00f3, demana cita ara amb el teu gestor\/a de <a href=\"https:\/\/www.cinc.com\/ca\/assessoria-dempreses\/\">CINC Assessoria<\/a>.<\/p>\n","protected":false},"excerpt":{"rendered":"<p>El 3 d&#8217;abril comen\u00e7a el termini de presentaci\u00f3 de la declaraci\u00f3 de la Renda 2023. Qui t\u00e9 l&#8217;obligaci\u00f3 de presentar-la?<\/p>\n","protected":false},"author":8,"featured_media":24699,"comment_status":"open","ping_status":"open","sticky":false,"template":"","format":"standard","meta":{"_acf_changed":false,"_uag_custom_page_level_css":"","_jetpack_memberships_contains_paid_content":false,"footnotes":""},"categories":[18],"tags":[135,133,134],"class_list":["post-24698","post","type-post","status-publish","format-standard","has-post-thumbnail","hentry","category-assessoria","tag-2023-2","tag-gestoria-2","tag-renda"],"acf":[],"jetpack_featured_media_url":"https:\/\/www.cinc.com\/wp-content\/uploads\/2024\/03\/Fotos-Blog-CINC-WordPress-19.webp","uagb_featured_image_src":{"full":["https:\/\/www.cinc.com\/wp-content\/uploads\/2024\/03\/Fotos-Blog-CINC-WordPress-19.webp",1920,1080,false],"thumbnail":["https:\/\/www.cinc.com\/wp-content\/uploads\/2024\/03\/Fotos-Blog-CINC-WordPress-19-150x150.webp",150,150,true],"medium":["https:\/\/www.cinc.com\/wp-content\/uploads\/2024\/03\/Fotos-Blog-CINC-WordPress-19-300x169.webp",300,169,true],"medium_large":["https:\/\/www.cinc.com\/wp-content\/uploads\/2024\/03\/Fotos-Blog-CINC-WordPress-19-768x432.webp",768,432,true],"large":["https:\/\/www.cinc.com\/wp-content\/uploads\/2024\/03\/Fotos-Blog-CINC-WordPress-19-1024x576.webp",960,540,true],"1536x1536":["https:\/\/www.cinc.com\/wp-content\/uploads\/2024\/03\/Fotos-Blog-CINC-WordPress-19-1536x864.webp",1536,864,true],"2048x2048":["https:\/\/www.cinc.com\/wp-content\/uploads\/2024\/03\/Fotos-Blog-CINC-WordPress-19.webp",1920,1080,false],"gform-image-choice-sm":["https:\/\/www.cinc.com\/wp-content\/uploads\/2024\/03\/Fotos-Blog-CINC-WordPress-19.webp",300,169,false],"gform-image-choice-md":["https:\/\/www.cinc.com\/wp-content\/uploads\/2024\/03\/Fotos-Blog-CINC-WordPress-19.webp",400,225,false],"gform-image-choice-lg":["https:\/\/www.cinc.com\/wp-content\/uploads\/2024\/03\/Fotos-Blog-CINC-WordPress-19.webp",600,338,false]},"uagb_author_info":{"display_name":"F\u00e0tima Duran","author_link":"https:\/\/www.cinc.com\/ca\/author\/fatima\/"},"uagb_comment_info":0,"uagb_excerpt":"El 3 d'abril comen\u00e7a el termini de presentaci\u00f3 de la declaraci\u00f3 de la Renda 2023. Qui t\u00e9 l'obligaci\u00f3 de presentar-la?","jetpack_sharing_enabled":true,"_links":{"self":[{"href":"https:\/\/www.cinc.com\/ca\/wp-json\/wp\/v2\/posts\/24698","targetHints":{"allow":["GET"]}}],"collection":[{"href":"https:\/\/www.cinc.com\/ca\/wp-json\/wp\/v2\/posts"}],"about":[{"href":"https:\/\/www.cinc.com\/ca\/wp-json\/wp\/v2\/types\/post"}],"author":[{"embeddable":true,"href":"https:\/\/www.cinc.com\/ca\/wp-json\/wp\/v2\/users\/8"}],"replies":[{"embeddable":true,"href":"https:\/\/www.cinc.com\/ca\/wp-json\/wp\/v2\/comments?post=24698"}],"version-history":[{"count":10,"href":"https:\/\/www.cinc.com\/ca\/wp-json\/wp\/v2\/posts\/24698\/revisions"}],"predecessor-version":[{"id":24883,"href":"https:\/\/www.cinc.com\/ca\/wp-json\/wp\/v2\/posts\/24698\/revisions\/24883"}],"wp:featuredmedia":[{"embeddable":true,"href":"https:\/\/www.cinc.com\/ca\/wp-json\/wp\/v2\/media\/24699"}],"wp:attachment":[{"href":"https:\/\/www.cinc.com\/ca\/wp-json\/wp\/v2\/media?parent=24698"}],"wp:term":[{"taxonomy":"category","embeddable":true,"href":"https:\/\/www.cinc.com\/ca\/wp-json\/wp\/v2\/categories?post=24698"},{"taxonomy":"post_tag","embeddable":true,"href":"https:\/\/www.cinc.com\/ca\/wp-json\/wp\/v2\/tags?post=24698"}],"curies":[{"name":"wp","href":"https:\/\/api.w.org\/{rel}","templated":true}]}}