{"id":24682,"date":"2024-03-21T13:41:38","date_gmt":"2024-03-21T12:41:38","guid":{"rendered":"https:\/\/www.cinc.com\/cinc-lidera-la-taula-rodonda-el-presente-del-flex-del-22-a-debat\/"},"modified":"2024-03-28T11:15:44","modified_gmt":"2024-03-28T10:15:44","slug":"cinc-lidera-la-taula-rodona-el-present-del-flex-del-22-a-debat","status":"publish","type":"post","link":"https:\/\/www.cinc.com\/ca\/cinc-lidera-la-taula-rodona-el-present-del-flex-del-22-a-debat\/","title":{"rendered":"CINC lidera la taula rodona \u201cEl present del Flex del 22@ a debat\u201d"},"content":{"rendered":"\n<p>CINC ha acollit el 20 de mar\u00e7 la taula rodona organitzada per l\u2019associaci\u00f3 d\u2019espais flexibles Proworkspaces, \u201cEl present del Flex al 22@ a debat\u201d. L\u2019acte ha estat presentat per Enric Urreta, soci director de CINC, president de l\u2019Associaci\u00f3 22@ Network i tresorer de Proworkspaces, i per Eduardo Salsamendi, president de Proworkspaces, que han donat la benvinguda. La jornada ha comptat amb les intervencions de Pau Solanilla Franco, comissionat de Relacions Internacionals de l\u2019Ajuntament de Barcelona, Marta Gr\u00e0cia Vilar, CEO de Cloudworks, Albert Alcober, Conseller Delegat d\u2019Utopicus, i Teresa C\u00edscar de JLL.<\/p>\n\n\n\n<p>Durant la sessi\u00f3, s\u2019ha posat veu a diferents idees i sensibilitats del sector, que es poden resumir en les seg\u00fcents conclusions:<\/p>\n\n\n\n<ul class=\"wp-block-list\">\n<li>La contractaci\u00f3 d&#8217;oficines al 22@ d&#8217;aquest primer trimestre ens situa a xifres r\u00e8cord.<\/li>\n\n\n\n<li>El sector Flex t\u00e9 al districte una densitat semblant a les principals ciutats europees. \u00c9s la zona m\u00e9s europea de tot l&#8217;Estat en termes de flexibilitat i atractiu.<\/li>\n\n\n\n<li>Estan aterrant al districte un d&#8217;empreses de multiplicitat de sectors, no centrades \u00fanicament en poques tecnologies.<\/li>\n\n\n\n<li>Al districte es concentren els espais Flex m\u00e9s moderns i amb m\u00e9s capacitat per les noves demandes creixents.<\/li>\n\n\n\n<li>Avui, a la ciutat, per projectes d&#8217;envergadura, 22@ \u00e9s l&#8217;espai per aterrar, entorn que aglutina talent, innovaci\u00f3, modernitat, flexibilitat i bona comunicaci\u00f3.<\/li>\n\n\n\n<li>La ciutat del futur es dibuixa a 22@, estem a la gran transformaci\u00f3.<\/li>\n<\/ul>\n\n\n\n<p>L&#8217;acte va finalitzar amb un networking a la terrassa. Des de CINC, agra\u00efm la participaci\u00f3 de tots els assistents i de Proworkspaces per la organitzaci\u00f3 d\u2019aquest espai de debat que ha perm\u00e8s posar de manifest la diversitat d\u2019opinions sobre el sector dels espais flexibles al 22@.<\/p>\n","protected":false},"excerpt":{"rendered":"<p>CINC ha acollit el 20 de mar\u00e7 la taula rodona organitzada per l\u2019associaci\u00f3 d\u2019espais flexibles Proworkspaces, \u201cEl present del Flex al 22@ a debat\u201d. L\u2019acte ha estat presentat per Enric Urreta, soci director de CINC, president de l\u2019Associaci\u00f3 22@ Network i tresorer de Proworkspaces, i per Eduardo Salsamendi, president de Proworkspaces, que han donat la [&hellip;]<\/p>\n","protected":false},"author":8,"featured_media":24678,"comment_status":"open","ping_status":"open","sticky":false,"template":"","format":"standard","meta":{"_acf_changed":false,"_uag_custom_page_level_css":"","_jetpack_memberships_contains_paid_content":false,"footnotes":""},"categories":[17,24],"tags":[129],"class_list":["post-24682","post","type-post","status-publish","format-standard","has-post-thumbnail","hentry","category-centre-de-negocis","category-grup-cinc","tag-grup-cinc"],"acf":[],"jetpack_featured_media_url":"https:\/\/www.cinc.com\/wp-content\/uploads\/2024\/03\/mesa-renda-espacios-flex.png","uagb_featured_image_src":{"full":["https:\/\/www.cinc.com\/wp-content\/uploads\/2024\/03\/mesa-renda-espacios-flex.png",1920,1080,false],"thumbnail":["https:\/\/www.cinc.com\/wp-content\/uploads\/2024\/03\/mesa-renda-espacios-flex-150x150.png",150,150,true],"medium":["https:\/\/www.cinc.com\/wp-content\/uploads\/2024\/03\/mesa-renda-espacios-flex-300x169.png",300,169,true],"medium_large":["https:\/\/www.cinc.com\/wp-content\/uploads\/2024\/03\/mesa-renda-espacios-flex-768x432.png",768,432,true],"large":["https:\/\/www.cinc.com\/wp-content\/uploads\/2024\/03\/mesa-renda-espacios-flex-1024x576.png",960,540,true],"1536x1536":["https:\/\/www.cinc.com\/wp-content\/uploads\/2024\/03\/mesa-renda-espacios-flex-1536x864.png",1536,864,true],"2048x2048":["https:\/\/www.cinc.com\/wp-content\/uploads\/2024\/03\/mesa-renda-espacios-flex.png",1920,1080,false],"gform-image-choice-sm":["https:\/\/www.cinc.com\/wp-content\/uploads\/2024\/03\/mesa-renda-espacios-flex.png",300,169,false],"gform-image-choice-md":["https:\/\/www.cinc.com\/wp-content\/uploads\/2024\/03\/mesa-renda-espacios-flex.png",400,225,false],"gform-image-choice-lg":["https:\/\/www.cinc.com\/wp-content\/uploads\/2024\/03\/mesa-renda-espacios-flex.png",600,338,false]},"uagb_author_info":{"display_name":"F\u00e0tima Duran","author_link":"https:\/\/www.cinc.com\/ca\/author\/fatima\/"},"uagb_comment_info":0,"uagb_excerpt":"CINC ha acollit el 20 de mar\u00e7 la taula rodona organitzada per l\u2019associaci\u00f3 d\u2019espais flexibles Proworkspaces, \u201cEl present del Flex al 22@ a debat\u201d. L\u2019acte ha estat presentat per Enric Urreta, soci director de CINC, president de l\u2019Associaci\u00f3 22@ Network i tresorer de Proworkspaces, i per Eduardo Salsamendi, president de Proworkspaces, que han donat la&hellip;","jetpack_sharing_enabled":true,"_links":{"self":[{"href":"https:\/\/www.cinc.com\/ca\/wp-json\/wp\/v2\/posts\/24682","targetHints":{"allow":["GET"]}}],"collection":[{"href":"https:\/\/www.cinc.com\/ca\/wp-json\/wp\/v2\/posts"}],"about":[{"href":"https:\/\/www.cinc.com\/ca\/wp-json\/wp\/v2\/types\/post"}],"author":[{"embeddable":true,"href":"https:\/\/www.cinc.com\/ca\/wp-json\/wp\/v2\/users\/8"}],"replies":[{"embeddable":true,"href":"https:\/\/www.cinc.com\/ca\/wp-json\/wp\/v2\/comments?post=24682"}],"version-history":[{"count":8,"href":"https:\/\/www.cinc.com\/ca\/wp-json\/wp\/v2\/posts\/24682\/revisions"}],"predecessor-version":[{"id":24867,"href":"https:\/\/www.cinc.com\/ca\/wp-json\/wp\/v2\/posts\/24682\/revisions\/24867"}],"wp:featuredmedia":[{"embeddable":true,"href":"https:\/\/www.cinc.com\/ca\/wp-json\/wp\/v2\/media\/24678"}],"wp:attachment":[{"href":"https:\/\/www.cinc.com\/ca\/wp-json\/wp\/v2\/media?parent=24682"}],"wp:term":[{"taxonomy":"category","embeddable":true,"href":"https:\/\/www.cinc.com\/ca\/wp-json\/wp\/v2\/categories?post=24682"},{"taxonomy":"post_tag","embeddable":true,"href":"https:\/\/www.cinc.com\/ca\/wp-json\/wp\/v2\/tags?post=24682"}],"curies":[{"name":"wp","href":"https:\/\/api.w.org\/{rel}","templated":true}]}}