{"id":24016,"date":"2024-03-05T14:48:59","date_gmt":"2024-03-05T13:48:59","guid":{"rendered":"https:\/\/www.cinc.com\/?p=24016"},"modified":"2024-03-05T14:48:59","modified_gmt":"2024-03-05T13:48:59","slug":"lagencia-tributaria-permet-que-els-autonoms-es-puguin-deduir-liva-sobre-despeses-de-lhabitatge","status":"publish","type":"post","link":"https:\/\/www.cinc.com\/ca\/lagencia-tributaria-permet-que-els-autonoms-es-puguin-deduir-liva-sobre-despeses-de-lhabitatge\/","title":{"rendered":"L&#8217;Ag\u00e8ncia Tribut\u00e0ria permet que els aut\u00f2noms es puguin deduir l&#8217;IVA sobre despeses de l&#8217;habitatge"},"content":{"rendered":"\n<p>El Tribunal Economicoadministratiu Central (TEAC), resolent un recurs extraordinari d&#8217;al\u00e7ada per a unificaci\u00f3 de criteri, ha unificat criteri sobre aquesta q\u00fcesti\u00f3 en la seva resoluci\u00f3 n\u00fam. 6654\/2022, de 19 de juliol de 2023, acceptant que els treballadors per compte propi es puguin deduir l\u2019IVA que correspon a les despeses ocasionades des del seu habitatge habitual per l\u2019exercici de la seva activitat professional.<\/p>\n\n\n\n<p>Anteriorment, la Direcci\u00f3 General de Tributs ja permetia deduir-se despeses d&#8217;aigua, llum, gas i internet de l&#8217;habitatge, sempre que el seu \u00fas fos proporcional a la seva activitat laboral. A m\u00e9s, la directiva deixava entreveure la possibilitat de reclamar quantitats abonades de m\u00e9s a Hisenda en els darrers quatre exercicis econ\u00f2mics.<br>Tot i aix\u00f2, no s&#8217;admetien deduccions de l&#8217;IVA dels subministraments en cas d&#8217;usos mixts de l&#8217;immoble. Amb aquest canvi de criteri, ara s\u00ed que \u00e9s possible per als aut\u00f2noms la deducci\u00f3 de la quota de subministraments emparant-se a la Directiva Europea de l&#8217;Impost del Valor Afegit. I at\u00e8s que la legislaci\u00f3 espanyola en mat\u00e8ria tribut\u00e0ria contradiu aquesta Directiva, la TEAC ha decidit implantar aquesta novetat.<\/p>\n\n\n\n<p>Com poden recuperar els aut\u00f2noms les despeses pagades de m\u00e9s per l&#8217;IVA?<br>En primer lloc, es pot calcular l&#8217;IVA que es podr\u00e0 haver redu\u00eft per demanar una reclamaci\u00f3 posterior i incloure les deduccions a la propera declaraci\u00f3 de l&#8217;IVA.<br>Tot i que no hi ha uns criteris ben definits per l&#8217;administraci\u00f3 tribut\u00e0ria, s&#8217;aconsella fer el c\u00e0lcul dels metres quadrats de l&#8217;habitatge destinats a l&#8217;activitat professional. Per exemple: per a un habitatge de 100 metres quadrats, del qual se&#8217;n destinin 25 metres, es calcularia un 25% de les despeses del subministrament, i \u00e9s aix\u00f2 el que cal incloure a la declaraci\u00f3 de l&#8217;IVA.<\/p>\n\n\n\n<p>Si b\u00e9 \u00e9s cert que Hisenda no ha fet el canvi a la seva normativa, l&#8217;Ag\u00e8ncia Tribut\u00e0ria ha manifestat la seva intenci\u00f3 d&#8217;incloure&#8217;l pr\u00f2ximament, de manera que quedar\u00e0 clarificat. A m\u00e9s, tamb\u00e9 est\u00e0 previst a partir del gener del 2025 l&#8217;exempci\u00f3 de l&#8217;IVA per a aut\u00f2noms amb ingressos inferiors als 85.000 euros mitjan\u00e7ant l&#8217;IVA franquiciat.<\/p>\n\n\n\n<p>Per a m\u00e9s informaci\u00f3, no dubtis a <a href=\"https:\/\/www.cinc.com\/ca\/contacte\/\">contactar<\/a> amb el <a href=\"https:\/\/www.cinc.com\/es\/asesoria-de-empresas-y-gestoria\/asesoria-fiscal\/\">Departament Fisca<\/a><a href=\"https:\/\/www.cinc.com\/ca\/assessoria-dempreses\/assessoria-fiscal\/\">l<\/a> de CINC Assessoria.<\/p>\n\n\n\n<p><\/p>\n","protected":false},"excerpt":{"rendered":"<p>El Tribunal Economicoadministratiu Central (TEAC), resolent un recurs extraordinari d&#8217;al\u00e7ada per a unificaci\u00f3 de criteri, ha unificat criteri sobre aquesta q\u00fcesti\u00f3 en la seva resoluci\u00f3 n\u00fam. 6654\/2022, de 19 de juliol de 2023, acceptant que els treballadors per compte propi es puguin deduir l\u2019IVA que correspon a les despeses ocasionades des del seu habitatge habitual [&hellip;]<\/p>\n","protected":false},"author":8,"featured_media":24012,"comment_status":"open","ping_status":"open","sticky":false,"template":"","format":"standard","meta":{"_acf_changed":false,"_uag_custom_page_level_css":"","_jetpack_memberships_contains_paid_content":false,"footnotes":""},"categories":[18],"tags":[79],"class_list":["post-24016","post","type-post","status-publish","format-standard","has-post-thumbnail","hentry","category-assessoria","tag-fiscalitat"],"acf":[],"jetpack_featured_media_url":"https:\/\/www.cinc.com\/wp-content\/uploads\/2024\/03\/deduccion-iva-vivienda-autonomos.png","uagb_featured_image_src":{"full":["https:\/\/www.cinc.com\/wp-content\/uploads\/2024\/03\/deduccion-iva-vivienda-autonomos.png",1920,1080,false],"thumbnail":["https:\/\/www.cinc.com\/wp-content\/uploads\/2024\/03\/deduccion-iva-vivienda-autonomos-150x150.png",150,150,true],"medium":["https:\/\/www.cinc.com\/wp-content\/uploads\/2024\/03\/deduccion-iva-vivienda-autonomos-300x169.png",300,169,true],"medium_large":["https:\/\/www.cinc.com\/wp-content\/uploads\/2024\/03\/deduccion-iva-vivienda-autonomos-768x432.png",768,432,true],"large":["https:\/\/www.cinc.com\/wp-content\/uploads\/2024\/03\/deduccion-iva-vivienda-autonomos-1024x576.png",960,540,true],"1536x1536":["https:\/\/www.cinc.com\/wp-content\/uploads\/2024\/03\/deduccion-iva-vivienda-autonomos-1536x864.png",1536,864,true],"2048x2048":["https:\/\/www.cinc.com\/wp-content\/uploads\/2024\/03\/deduccion-iva-vivienda-autonomos.png",1920,1080,false],"gform-image-choice-sm":["https:\/\/www.cinc.com\/wp-content\/uploads\/2024\/03\/deduccion-iva-vivienda-autonomos.png",300,169,false],"gform-image-choice-md":["https:\/\/www.cinc.com\/wp-content\/uploads\/2024\/03\/deduccion-iva-vivienda-autonomos.png",400,225,false],"gform-image-choice-lg":["https:\/\/www.cinc.com\/wp-content\/uploads\/2024\/03\/deduccion-iva-vivienda-autonomos.png",600,338,false]},"uagb_author_info":{"display_name":"F\u00e0tima Duran","author_link":"https:\/\/www.cinc.com\/ca\/author\/fatima\/"},"uagb_comment_info":0,"uagb_excerpt":"El Tribunal Economicoadministratiu Central (TEAC), resolent un recurs extraordinari d&#8217;al\u00e7ada per a unificaci\u00f3 de criteri, ha unificat criteri sobre aquesta q\u00fcesti\u00f3 en la seva resoluci\u00f3 n\u00fam. 6654\/2022, de 19 de juliol de 2023, acceptant que els treballadors per compte propi es puguin deduir l\u2019IVA que correspon a les despeses ocasionades des del seu habitatge habitual&hellip;","jetpack_sharing_enabled":true,"_links":{"self":[{"href":"https:\/\/www.cinc.com\/ca\/wp-json\/wp\/v2\/posts\/24016","targetHints":{"allow":["GET"]}}],"collection":[{"href":"https:\/\/www.cinc.com\/ca\/wp-json\/wp\/v2\/posts"}],"about":[{"href":"https:\/\/www.cinc.com\/ca\/wp-json\/wp\/v2\/types\/post"}],"author":[{"embeddable":true,"href":"https:\/\/www.cinc.com\/ca\/wp-json\/wp\/v2\/users\/8"}],"replies":[{"embeddable":true,"href":"https:\/\/www.cinc.com\/ca\/wp-json\/wp\/v2\/comments?post=24016"}],"version-history":[{"count":1,"href":"https:\/\/www.cinc.com\/ca\/wp-json\/wp\/v2\/posts\/24016\/revisions"}],"predecessor-version":[{"id":24017,"href":"https:\/\/www.cinc.com\/ca\/wp-json\/wp\/v2\/posts\/24016\/revisions\/24017"}],"wp:featuredmedia":[{"embeddable":true,"href":"https:\/\/www.cinc.com\/ca\/wp-json\/wp\/v2\/media\/24012"}],"wp:attachment":[{"href":"https:\/\/www.cinc.com\/ca\/wp-json\/wp\/v2\/media?parent=24016"}],"wp:term":[{"taxonomy":"category","embeddable":true,"href":"https:\/\/www.cinc.com\/ca\/wp-json\/wp\/v2\/categories?post=24016"},{"taxonomy":"post_tag","embeddable":true,"href":"https:\/\/www.cinc.com\/ca\/wp-json\/wp\/v2\/tags?post=24016"}],"curies":[{"name":"wp","href":"https:\/\/api.w.org\/{rel}","templated":true}]}}