{"id":2400,"date":"2019-10-14T00:00:00","date_gmt":"2019-10-14T00:00:00","guid":{"rendered":"https:\/\/www.cinc.com\/gay-de-liebana-omple-la-sala-dactes-de-cinc-girona-a-la-conferencia-analisi-del-moment-economic-global\/"},"modified":"2019-10-14T00:00:00","modified_gmt":"2019-10-14T00:00:00","slug":"gay-de-liebana-omple-la-sala-dactes-de-cinc-girona-a-la-conferencia-analisi-del-moment-economic-global","status":"publish","type":"post","link":"https:\/\/www.cinc.com\/ca\/gay-de-liebana-omple-la-sala-dactes-de-cinc-girona-a-la-conferencia-analisi-del-moment-economic-global\/","title":{"rendered":"Gay de Li\u00e9bana omple la sala d\u2019actes de CINC Girona a la confer\u00e8ncia \u201c\u00c0n\u00e0lisi del moment econ\u00f2mic global\u201d"},"content":{"rendered":"<p style=\"text-align: justify;\">\n\tL&rsquo;economista Jos&eacute; Mar&iacute;a Gay de Li&eacute;bana ha participat aquest dijous a la confer&egrave;ncia &ldquo;An&agrave;lisi del moment econ&ograve;mic global. Quan l&rsquo;adversitat es converteix en oportunitat&rdquo;, organitzada per CINC i l&rsquo;Associaci&oacute; pel Progr&eacute;s de la Direcci&oacute; (APD) i adre&ccedil;ada a empresaris i professionals.<\/p>\n<p style=\"text-align: justify;\">\n\tGay de Li&eacute;bana ha fet una an&agrave;lisi sobre la situaci&oacute; econ&ograve;mica global, on ha discutit sobre els elements actuals que poden tenir una repercussi&oacute; negativa en el futur de l&rsquo;economia a nivell nacional i internacional. Tamb&eacute; ha dibuixat un escenari on calen noves mesures econ&ograve;miques i socials per poder mantenir el ritme de creixement i el benestar de la poblaci&oacute;.<\/p>\n<p style=\"text-align: justify;\">\n\tEl professor ha destacat que la manca d&rsquo;inversi&oacute; en R+D, l&rsquo;envelliment de la poblaci&oacute; i el canvi clim&agrave;tic s&oacute;n factors que poden tenir un impacte directe en el PIB actual i futur de Catalunya, Espanya i Europa. Tamb&eacute; ha posat de manifest que les tensions comercials que existeixen en l&rsquo;actualitat, la manca de consci&egrave;ncia de la Uni&oacute; Europea com a bloc econ&ograve;mic mundial i el present i futur de l&rsquo;eix asi&agrave;tic marcaran el que ser&agrave; el m&oacute;n dels propers trenta anys.&nbsp;<\/p>\n<p style=\"text-align: justify;\">\n\tAix&iacute; mateix, ha explicat que la reconversi&oacute; de l&rsquo;economia, que passa de la ind&uacute;stria tradicional a la nova economia tecnol&ograve;gica &eacute;s un dels millors canvis que s&rsquo;ha produ&iuml;t, i que el millor exemple el trobem a la borsa. &ldquo;En quinze anys, de les cinc primeres empreses en capitalitzaci&oacute; bors&agrave;ria mundial, totes han estat substitu&iuml;des per la nova economia, i avui dia, de les 20 primeres empreses del m&oacute;n, cap d&rsquo;elles &eacute;s una empresa que pertany a la Uni&oacute; Europea&rdquo;, afirmava.<\/p>\n<p style=\"text-align: justify;\">\n\tPer acabar, l&rsquo;economista s&rsquo;ha centrat a parlar sobre l&rsquo;economia nacional, posant de manifest l&rsquo;evoluci&oacute; del deute p&uacute;blic, l&rsquo;estancament del PIB, la nul&middot;la inversi&oacute; en Recerca i Desenvolupament i un atur estructural que afebleix l&rsquo;economia i dificulta la competitivitat. Tamb&eacute; ha destacat la necessitat d&rsquo;una FP adre&ccedil;ada a l&rsquo;empresa que actu&iuml; com a eina per dinamitzar i enriquir de talent operatiu les corporacions, com ja succeeix a les empreses alemanyes.<\/p>\n<p style=\"text-align: justify;\">\n\t&nbsp;<\/p>\n","protected":false},"excerpt":{"rendered":"<p style=\"text-align: justify;\">\n\t<span style=\"text-align: justify;\">L&rsquo;economista Jos&eacute; Mar&iacute;a Gay de Li&eacute;bana ha participat aquest dijous a la confer&egrave;ncia &ldquo;An&agrave;lisi del moment econ&ograve;mic global. Quan l&rsquo;adversitat es converteix en oportunitat&rdquo;, organitzada per CINC i l&rsquo;Associaci&oacute; pel Progr&eacute;s de la Direcci&oacute; (APD) i adre&ccedil;ada a empresaris i professionals.<\/span><\/p>\n","protected":false},"author":2,"featured_media":2401,"comment_status":"open","ping_status":"open","sticky":false,"template":"","format":"standard","meta":{"_acf_changed":false,"_uag_custom_page_level_css":"","_jetpack_memberships_contains_paid_content":false,"footnotes":""},"categories":[24],"tags":[],"class_list":["post-2400","post","type-post","status-publish","format-standard","has-post-thumbnail","hentry","category-grup-cinc"],"acf":[],"jetpack_featured_media_url":"https:\/\/www.cinc.com\/wp-content\/uploads\/2023\/03\/764.jpg","uagb_featured_image_src":{"full":["https:\/\/www.cinc.com\/wp-content\/uploads\/2023\/03\/764.jpg",1113,361,false],"thumbnail":["https:\/\/www.cinc.com\/wp-content\/uploads\/2023\/03\/764.jpg",150,49,false],"medium":["https:\/\/www.cinc.com\/wp-content\/uploads\/2023\/03\/764.jpg",300,97,false],"medium_large":["https:\/\/www.cinc.com\/wp-content\/uploads\/2023\/03\/764.jpg",768,249,false],"large":["https:\/\/www.cinc.com\/wp-content\/uploads\/2023\/03\/764.jpg",960,311,false],"1536x1536":["https:\/\/www.cinc.com\/wp-content\/uploads\/2023\/03\/764.jpg",1113,361,false],"2048x2048":["https:\/\/www.cinc.com\/wp-content\/uploads\/2023\/03\/764.jpg",1113,361,false],"gform-image-choice-sm":["https:\/\/www.cinc.com\/wp-content\/uploads\/2023\/03\/764.jpg",300,97,false],"gform-image-choice-md":["https:\/\/www.cinc.com\/wp-content\/uploads\/2023\/03\/764.jpg",400,130,false],"gform-image-choice-lg":["https:\/\/www.cinc.com\/wp-content\/uploads\/2023\/03\/764.jpg",600,195,false]},"uagb_author_info":{"display_name":"Utrans","author_link":"https:\/\/www.cinc.com\/ca\/author\/utrans\/"},"uagb_comment_info":0,"uagb_excerpt":"L&rsquo;economista Jos&eacute; Mar&iacute;a Gay de Li&eacute;bana ha participat aquest dijous a la confer&egrave;ncia &ldquo;An&agrave;lisi del moment econ&ograve;mic global. Quan l&rsquo;adversitat es converteix en oportunitat&rdquo;, organitzada per CINC i l&rsquo;Associaci&oacute; pel Progr&eacute;s de la Direcci&oacute; (APD) i adre&ccedil;ada a empresaris i professionals.","jetpack_sharing_enabled":true,"_links":{"self":[{"href":"https:\/\/www.cinc.com\/ca\/wp-json\/wp\/v2\/posts\/2400","targetHints":{"allow":["GET"]}}],"collection":[{"href":"https:\/\/www.cinc.com\/ca\/wp-json\/wp\/v2\/posts"}],"about":[{"href":"https:\/\/www.cinc.com\/ca\/wp-json\/wp\/v2\/types\/post"}],"author":[{"embeddable":true,"href":"https:\/\/www.cinc.com\/ca\/wp-json\/wp\/v2\/users\/2"}],"replies":[{"embeddable":true,"href":"https:\/\/www.cinc.com\/ca\/wp-json\/wp\/v2\/comments?post=2400"}],"version-history":[{"count":0,"href":"https:\/\/www.cinc.com\/ca\/wp-json\/wp\/v2\/posts\/2400\/revisions"}],"wp:featuredmedia":[{"embeddable":true,"href":"https:\/\/www.cinc.com\/ca\/wp-json\/wp\/v2\/media\/2401"}],"wp:attachment":[{"href":"https:\/\/www.cinc.com\/ca\/wp-json\/wp\/v2\/media?parent=2400"}],"wp:term":[{"taxonomy":"category","embeddable":true,"href":"https:\/\/www.cinc.com\/ca\/wp-json\/wp\/v2\/categories?post=2400"},{"taxonomy":"post_tag","embeddable":true,"href":"https:\/\/www.cinc.com\/ca\/wp-json\/wp\/v2\/tags?post=2400"}],"curies":[{"name":"wp","href":"https:\/\/api.w.org\/{rel}","templated":true}]}}