{"id":23570,"date":"2024-02-20T11:00:12","date_gmt":"2024-02-20T10:00:12","guid":{"rendered":"https:\/\/www.cinc.com\/?p=23570"},"modified":"2024-02-21T13:14:28","modified_gmt":"2024-02-21T12:14:28","slug":"entrevista-a-dych","status":"publish","type":"post","link":"https:\/\/www.cinc.com\/ca\/entrevista-a-dych\/","title":{"rendered":"Entrevista a Dych"},"content":{"rendered":"\n<p>Entrevistem en Joshua Vasilda, fundador de la startup Dych.<\/p>\n\n\n\n<p><strong>Any de fundaci\u00f3:<\/strong> 2023<\/p>\n\n\n\n<p><strong>Sector:<\/strong> Maas (mobilitat com a servei)<\/p>\n\n\n\n<p><strong>Ubicaci\u00f3: <\/strong>Barcelona, Espanya<\/p>\n\n\n\n<p><strong>Lloc web:<\/strong> <a href=\"https:\/\/www.dych.co\/\">https:\/\/www.dych.co\/<\/a><\/p>\n\n\n\n<p><\/p>\n\n\n\n<h2 class=\"wp-block-heading\">A qu\u00e8 es dedica Dych?<\/h2>\n\n\n\n<p>A Dych estem desenvolupant una plataforma de <em>marketplace<\/em> basada en subscripcions per centralitzar la ind\u00fastria de la micromobilitat en una ubicaci\u00f3 en l\u00ednia. Aix\u00f2 facilitar\u00e0 que els nostres usuaris trobin una <em>e-bike<\/em> o <em>e-scooter<\/em> que s&#8217;adapti a les seves necessitats. Col\u00b7laborant amb les botigues de bicicletes locals, hem aconseguit oferir una alternativa m\u00e9s ecol\u00f2gica, c\u00f2moda i rendible en comparaci\u00f3 amb els despla\u00e7aments tradicionals.<\/p>\n\n\n\n<p><\/p>\n\n\n\n<h2 class=\"wp-block-heading\">On neix l&#8217;empresa? En quants pa\u00efsos est\u00e0 present?<\/h2>\n\n\n\n<p>Dych es va fundar el 21 de setembre de 2023 a Barcelona. Actualment nom\u00e9s operem a Espanya, per\u00f2 hem rebut un gran inter\u00e8s procedent dels Pa\u00efsos Baixos.<\/p>\n\n\n\n<p><\/p>\n\n\n\n<h2 class=\"wp-block-heading\">Com classifiqueu la vostra gamma de productes?<\/h2>\n\n\n\n<p>La nostra gamma est\u00e0 formada per productes Maas (Mobilitat com a servei). Per ampliar-la, estem desenvolupant una plataforma per a que les botigues i els fabricants de bicicletes locals afegeixin les seves pr\u00f2pies ofertes de models el\u00e8ctrics.<\/p>\n\n\n\n<p><\/p>\n\n\n\n<h2 class=\"wp-block-heading\">Com funciona el proc\u00e9s de lloguer? Com actueu en cas d&#8217;averia?<\/h2>\n\n\n\n<p>El proc\u00e9s de lloguer es realitza en 3 passos:<\/p>\n\n\n\n<p><\/p>\n\n\n\n<ol class=\"wp-block-list\">\n<li>Un client visita la nostra web<a href=\"https:\/\/www.dych.co\/\"> www.dych.co<\/a> i busca una <em>e-bike <\/em>que li agradi.<\/li>\n\n\n\n<li>A continuaci\u00f3, fa clic al bot\u00f3 del model i omple el formulari de sol\u00b7licitud.<\/li>\n\n\n\n<li>Dych la rep, envia un enlla\u00e7 de pagament i programa amb el client una recollida o una baixada de data per a la <em>e-bike<\/em> o <em>e-scooter<\/em>.<\/li>\n<\/ol>\n\n\n\n<p>En el cas d&#8217;avaria:<\/p>\n\n\n\n<p><\/p>\n\n\n\n<ol class=\"wp-block-list\">\n<li>El client ens pot contactar a trav\u00e9s del correu electr\u00f2nic, <em>Whatsapp<\/em> o el nostre formulari d&#8217;incid\u00e8ncies <em>online<\/em>.<\/li>\n\n\n\n<li>A continuaci\u00f3, descriu l&#8217;incident, fa una foto si s&#8217;escau i la comparteix amb nosaltres.<\/li>\n\n\n\n<li>En el pitjor dels casos, el client pot rebre una <em>e-bike<\/em> de recanvi. Si l&#8217;incident no \u00e9s tan greu, es recollir\u00e0 i reparar\u00e0 el mateix dia.<\/li>\n<\/ol>\n\n\n\n<p>\u00c9s important saber que el preu de subscripci\u00f3 mensual inclou reparacions gratu\u00eftes, neteja i manteniment regular. Per tant, el client no s\u2019ha de preocupar de res.<\/p>\n\n\n\n<p><\/p>\n\n\n\n<h2 class=\"wp-block-heading\">Quins avantatges pot aportar la teva empresa a la societat?<\/h2>\n\n\n\n<p>L&#8217;impacte social de Dych \u00e9s polifac\u00e8tic:<\/p>\n\n\n\n<p><\/p>\n\n\n\n<ol class=\"wp-block-list\">\n<li><strong>Impuls econ\u00f2mic local:<\/strong> col\u00b7laborem amb les botigues de bicicletes locals estimulant el creixement econ\u00f2mic de les comunitats, donant suport a les petites empreses i contribuint a les economies locals. Un estudi realitzat al Regne Unit sobre el transport a Londres va demostrar que caminar i anar amb bicicleta pot augmentar la despesa fins a un 30% en botigues minoristes, impulsant els negocis locals.<\/li>\n\n\n\n<li><strong>Sostenibilitat ambiental:<\/strong> contribu\u00efm a reduir les emissions de carboni i a impulsar un entorn urb\u00e0 m\u00e9s verd, alineant-nos amb uns objectius de sostenibilitat m\u00e9s amplis.<\/li>\n\n\n\n<li><strong>Salut i benestar: <\/strong>fomentem els models de transport actius, promovem un estil de vida m\u00e9s saludable i evitem els h\u00e0bits sedentaris associats amb els despla\u00e7aments tradicionals. A m\u00e9s, destaquem el ciclisme com una via per reduir significativament els nivells d\u2019estr\u00e8s i construir un cos m\u00e9s sa.<\/li>\n\n\n\n<li><strong>Acc\u00e9s a la mobilitat:<\/strong> proporcionem una soluci\u00f3 assequible i flexible, beneficiant a les persones que no poden ser propiet\u00e0ries d&#8217;autom\u00f2bils o que volen accedir a alternatives m\u00e9s sostenibles.<\/li>\n\n\n\n<li><strong>Congesti\u00f3 redu\u00efda del tr\u00e0nsit:<\/strong> contribu\u00efm a reduir la congesti\u00f3 del tr\u00e0nsit, la qual cosa condueix a un transport urb\u00e0 m\u00e9s eficient. Un fet molt desafortunat \u00e9s que la principal causa de mort entre els nens i joves d&#8217;entre 5 i 29 anys s\u00f3n els accidents de tr\u00e0nsit.<\/li>\n<\/ol>\n\n\n\n<p>En resum, el nostre impacte s&#8217;est\u00e9n m\u00e9s enll\u00e0 de proporcionar solucions de mobilitat. Influeix positivament en les economies locals, promou el benestar de la comunitat, contribueix a la sostenibilitat ambiental i aborda els reptes socials associats a les pr\u00e0ctiques de despla\u00e7ament tradicionals. La plataforma es compromet activament i potencia el teixit social de les comunitats a les quals serveix.<\/p>\n\n\n\n<p><\/p>\n\n\n\n<h2 class=\"wp-block-heading\">Quin \u00e9s el perfil dels vostres clients?<\/h2>\n\n\n\n<p>Des del llan\u00e7ament de Dych hem vist 3 clients molt diferents.<\/p>\n\n\n\n<p><\/p>\n\n\n\n<ol class=\"wp-block-list\">\n<li>Expatriats que s&#8217;han traslladat recentment a Barcelona i que no tenen previst comprar un cotxe perqu\u00e8 encara no volen molta autonomia. D&#8217;aqu\u00ed el seu inter\u00e8s per les <em>e-bikes<\/em> i els <em>e-scooters<\/em>. Normalment, mostren inter\u00e8s per les <em>e-bikes<\/em> plegables m\u00e9s petites degut a la mida dels apartaments on viuen.<\/li>\n\n\n\n<li>Joves professionals que resideixen o es troben a prop de la ciutat i que busquen un vehicle complementari al costat del seu cotxe. Per a realitzar breus viatges al gimn\u00e0s, compres r\u00e0pides o fins i tot per anar a l&#8217;oficina.<\/li>\n\n\n\n<li>Fam\u00edlies joves amb nens petits. Estan principalment interessats en bicicletes de carro electr\u00f2nic o bicicletes el\u00e8ctriques de cua llarga per portar als seus fills. Tenen poca confian\u00e7a en la seguretat del cotxe i sovint proporcionen comentaris afirmant que se senten m\u00e9s feli\u00e7os, sans i que als seus fills els encanta.<\/li>\n<\/ol>\n\n\n\n<p><\/p>\n\n\n\n<h2 class=\"wp-block-heading\">Com definiries el teu model de negoci? Com beneficia als clients?<\/h2>\n\n\n\n<p>A Dych adoptem un model de negoci basat en les subscripcions. Aix\u00f2 fa que sigui convenient que els usuaris accedeixin a les bicicletes el\u00e8ctriques <em>premium<\/em> d&#8217;alta qualitat sense trencar el banc. Els clients tamb\u00e9 poden cancel\u00b7lar en qualsevol moment despr\u00e9s dels primers 3 mesos inicials. Aix\u00f2 mant\u00e9 les quotes flexibles i ajustables, assegurant-nos que sempre estem en contacte amb les circumst\u00e0ncies canviants del client.<\/p>\n\n\n\n<p><\/p>\n\n\n\n<h2 class=\"wp-block-heading\">Com vas arribar a con\u00e8ixer 1D1E? Qu\u00e8 valores m\u00e9s dels seus serveis?<\/h2>\n\n\n\n<p>Hem sentit parlar de 1D1E a trav\u00e9s de l\u2019esdeveniment Barcelona Internacional Welcome Desk. Van organitzar una sessi\u00f3 sobre &#8220;Com iniciar un negoci a Espanya&#8221;. El valor proporcionat per 1D1E \u00e9s immens. Com a <em>startup<\/em> accedeixes a un equip de professionals altament qualificats i amb un gran coneixement i experi\u00e8ncia. T&#8217;acompanyen en tot el proc\u00e9s sense esfor\u00e7, fent de la creaci\u00f3 d&#8217;una empresa un proc\u00e9s senzill. A m\u00e9s, reps ajuda amb els impostos, revisions de contractes i qualsevol altra cosa que necessitis per gestionar el teu negoci.<\/p>\n","protected":false},"excerpt":{"rendered":"<p>Entrevistem en Joshua Vasilda, fundador de la startup Dych.<\/p>\n","protected":false},"author":8,"featured_media":23573,"comment_status":"open","ping_status":"open","sticky":false,"template":"","format":"standard","meta":{"_acf_changed":false,"_uag_custom_page_level_css":"","_jetpack_memberships_contains_paid_content":false,"footnotes":""},"categories":[19],"tags":[],"class_list":["post-23570","post","type-post","status-publish","format-standard","has-post-thumbnail","hentry","category-entrevistes"],"acf":[],"jetpack_featured_media_url":"https:\/\/www.cinc.com\/wp-content\/uploads\/2024\/02\/Fotos-Blog-CINC-WordPress-8-1.webp","uagb_featured_image_src":{"full":["https:\/\/www.cinc.com\/wp-content\/uploads\/2024\/02\/Fotos-Blog-CINC-WordPress-8-1.webp",1920,1080,false],"thumbnail":["https:\/\/www.cinc.com\/wp-content\/uploads\/2024\/02\/Fotos-Blog-CINC-WordPress-8-1-150x150.webp",150,150,true],"medium":["https:\/\/www.cinc.com\/wp-content\/uploads\/2024\/02\/Fotos-Blog-CINC-WordPress-8-1-300x169.webp",300,169,true],"medium_large":["https:\/\/www.cinc.com\/wp-content\/uploads\/2024\/02\/Fotos-Blog-CINC-WordPress-8-1-768x432.webp",768,432,true],"large":["https:\/\/www.cinc.com\/wp-content\/uploads\/2024\/02\/Fotos-Blog-CINC-WordPress-8-1-1024x576.webp",960,540,true],"1536x1536":["https:\/\/www.cinc.com\/wp-content\/uploads\/2024\/02\/Fotos-Blog-CINC-WordPress-8-1-1536x864.webp",1536,864,true],"2048x2048":["https:\/\/www.cinc.com\/wp-content\/uploads\/2024\/02\/Fotos-Blog-CINC-WordPress-8-1.webp",1920,1080,false],"gform-image-choice-sm":["https:\/\/www.cinc.com\/wp-content\/uploads\/2024\/02\/Fotos-Blog-CINC-WordPress-8-1.webp",300,169,false],"gform-image-choice-md":["https:\/\/www.cinc.com\/wp-content\/uploads\/2024\/02\/Fotos-Blog-CINC-WordPress-8-1.webp",400,225,false],"gform-image-choice-lg":["https:\/\/www.cinc.com\/wp-content\/uploads\/2024\/02\/Fotos-Blog-CINC-WordPress-8-1.webp",600,338,false]},"uagb_author_info":{"display_name":"F\u00e0tima Duran","author_link":"https:\/\/www.cinc.com\/ca\/author\/fatima\/"},"uagb_comment_info":0,"uagb_excerpt":"Entrevistem en Joshua Vasilda, fundador de la startup Dych.","jetpack_sharing_enabled":true,"_links":{"self":[{"href":"https:\/\/www.cinc.com\/ca\/wp-json\/wp\/v2\/posts\/23570","targetHints":{"allow":["GET"]}}],"collection":[{"href":"https:\/\/www.cinc.com\/ca\/wp-json\/wp\/v2\/posts"}],"about":[{"href":"https:\/\/www.cinc.com\/ca\/wp-json\/wp\/v2\/types\/post"}],"author":[{"embeddable":true,"href":"https:\/\/www.cinc.com\/ca\/wp-json\/wp\/v2\/users\/8"}],"replies":[{"embeddable":true,"href":"https:\/\/www.cinc.com\/ca\/wp-json\/wp\/v2\/comments?post=23570"}],"version-history":[{"count":12,"href":"https:\/\/www.cinc.com\/ca\/wp-json\/wp\/v2\/posts\/23570\/revisions"}],"predecessor-version":[{"id":23596,"href":"https:\/\/www.cinc.com\/ca\/wp-json\/wp\/v2\/posts\/23570\/revisions\/23596"}],"wp:featuredmedia":[{"embeddable":true,"href":"https:\/\/www.cinc.com\/ca\/wp-json\/wp\/v2\/media\/23573"}],"wp:attachment":[{"href":"https:\/\/www.cinc.com\/ca\/wp-json\/wp\/v2\/media?parent=23570"}],"wp:term":[{"taxonomy":"category","embeddable":true,"href":"https:\/\/www.cinc.com\/ca\/wp-json\/wp\/v2\/categories?post=23570"},{"taxonomy":"post_tag","embeddable":true,"href":"https:\/\/www.cinc.com\/ca\/wp-json\/wp\/v2\/tags?post=23570"}],"curies":[{"name":"wp","href":"https:\/\/api.w.org\/{rel}","templated":true}]}}