{"id":23559,"date":"2024-02-19T16:36:35","date_gmt":"2024-02-19T15:36:35","guid":{"rendered":"https:\/\/www.cinc.com\/?p=23559"},"modified":"2024-02-22T11:12:01","modified_gmt":"2024-02-22T10:12:01","slug":"les-claus-de-lavantprojecte-de-llei-per-a-la-transposicio-de-la-directiva-ue-2019-1152-sobre-condicions-laborals-transparents-i-previsibles","status":"publish","type":"post","link":"https:\/\/www.cinc.com\/ca\/les-claus-de-lavantprojecte-de-llei-per-a-la-transposicio-de-la-directiva-ue-2019-1152-sobre-condicions-laborals-transparents-i-previsibles\/","title":{"rendered":"Les claus de l&#8217;avantprojecte de llei per a la transposici\u00f3 de la Directiva (UE) 2019\/1152 sobre condicions laborals transparents i previsibles"},"content":{"rendered":"\n<p>El Consell de Ministres ha aprovat l&#8217;avantprojecte de llei per adaptar la Directiva (UE) 2019\/1152 del Parlament Europeu i del Consell sobre condicions laborals transparents i previsibles a la Uni\u00f3 Europea.<\/p>\n\n\n\n<p>Tot seguit, resumim les claus destacades d&#8217;aquesta nova norma:<\/p>\n\n\n\n<ul class=\"wp-block-list\">\n<li>S\u2019inclour\u00e0 a l&#8217;Estatut dels Treballadors el dret a con\u00e8ixer amb antelaci\u00f3 l&#8217;horari i els possibles factors que poden afectar les condicions laborals de les persones treballadores.<\/li>\n\n\n\n<li>S&#8217;exigeix que els contractes de treball siguin per escrit, amb l&#8217;obligaci\u00f3 de registrar aix\u00ed qualsevol canvi important que es produeixi durant la relaci\u00f3 laboral.<\/li>\n\n\n\n<li>En cas d&#8217;incompliment de les obligacions, es considera que el contracte \u00e9s indefinit a temps complet.<\/li>\n\n\n\n<li>Les condicions m\u00e9s importants que han de ser registrades s\u00f3n: la durada del contracte, la jornada laboral i el per\u00edode de prova.<\/li>\n\n\n\n<li>A m\u00e9s, determina l&#8217;obligatorietat del registre horari laboral dels treballadors a temps parcial, que han de dur a terme un av\u00eds amb antelaci\u00f3 d&#8217;almenys tres dies per fer hores extra.<\/li>\n\n\n\n<li>Finalment, les empreses no podran dur a terme discriminaci\u00f3 dels seus empleats per col\u00b7laborar amb altres empreses, llevat que sigui per motius de car\u00e0cter leg\u00edtim, com ara, la protecci\u00f3 de dades confidencials o per motius de seguretat i salut.<\/li>\n<\/ul>\n\n\n\n<p>Si vols saber m\u00e9s sobre aquesta novetat, no dubtis a posar-te en <a href=\"https:\/\/www.cinc.com\/contacte\/\">contacte<\/a> amb el <a href=\"https:\/\/www.cinc.com\/assessoria-dempreses\/assessoria-laboral\/\">Departament Laboral<\/a> de CINC Assessoria.<\/p>\n\n\n\n<p><\/p>\n","protected":false},"excerpt":{"rendered":"<p>El Consell de Ministres ha aprovat l&#8217;avantprojecte de llei per adaptar la Directiva (UE) 2019\/1152 del Parlament Europeu i del Consell sobre condicions laborals transparents i previsibles a la Uni\u00f3 Europea.<\/p>\n","protected":false},"author":8,"featured_media":23636,"comment_status":"open","ping_status":"open","sticky":false,"template":"","format":"standard","meta":{"_acf_changed":false,"_uag_custom_page_level_css":"","_jetpack_memberships_contains_paid_content":false,"footnotes":""},"categories":[18],"tags":[76,79],"class_list":["post-23559","post","type-post","status-publish","format-standard","has-post-thumbnail","hentry","category-assessoria","tag-assessoria","tag-fiscalitat"],"acf":[],"jetpack_featured_media_url":"https:\/\/www.cinc.com\/wp-content\/uploads\/2024\/02\/Fotos-Blog-CINC-WordPress-12.webp","uagb_featured_image_src":{"full":["https:\/\/www.cinc.com\/wp-content\/uploads\/2024\/02\/Fotos-Blog-CINC-WordPress-12.webp",1920,1080,false],"thumbnail":["https:\/\/www.cinc.com\/wp-content\/uploads\/2024\/02\/Fotos-Blog-CINC-WordPress-12-150x150.webp",150,150,true],"medium":["https:\/\/www.cinc.com\/wp-content\/uploads\/2024\/02\/Fotos-Blog-CINC-WordPress-12-300x169.webp",300,169,true],"medium_large":["https:\/\/www.cinc.com\/wp-content\/uploads\/2024\/02\/Fotos-Blog-CINC-WordPress-12-768x432.webp",768,432,true],"large":["https:\/\/www.cinc.com\/wp-content\/uploads\/2024\/02\/Fotos-Blog-CINC-WordPress-12-1024x576.webp",960,540,true],"1536x1536":["https:\/\/www.cinc.com\/wp-content\/uploads\/2024\/02\/Fotos-Blog-CINC-WordPress-12-1536x864.webp",1536,864,true],"2048x2048":["https:\/\/www.cinc.com\/wp-content\/uploads\/2024\/02\/Fotos-Blog-CINC-WordPress-12.webp",1920,1080,false],"gform-image-choice-sm":["https:\/\/www.cinc.com\/wp-content\/uploads\/2024\/02\/Fotos-Blog-CINC-WordPress-12.webp",300,169,false],"gform-image-choice-md":["https:\/\/www.cinc.com\/wp-content\/uploads\/2024\/02\/Fotos-Blog-CINC-WordPress-12.webp",400,225,false],"gform-image-choice-lg":["https:\/\/www.cinc.com\/wp-content\/uploads\/2024\/02\/Fotos-Blog-CINC-WordPress-12.webp",600,338,false]},"uagb_author_info":{"display_name":"F\u00e0tima Duran","author_link":"https:\/\/www.cinc.com\/ca\/author\/fatima\/"},"uagb_comment_info":0,"uagb_excerpt":"El Consell de Ministres ha aprovat l'avantprojecte de llei per adaptar la Directiva (UE) 2019\/1152 del Parlament Europeu i del Consell sobre condicions laborals transparents i previsibles a la Uni\u00f3 Europea.","jetpack_sharing_enabled":true,"_links":{"self":[{"href":"https:\/\/www.cinc.com\/ca\/wp-json\/wp\/v2\/posts\/23559","targetHints":{"allow":["GET"]}}],"collection":[{"href":"https:\/\/www.cinc.com\/ca\/wp-json\/wp\/v2\/posts"}],"about":[{"href":"https:\/\/www.cinc.com\/ca\/wp-json\/wp\/v2\/types\/post"}],"author":[{"embeddable":true,"href":"https:\/\/www.cinc.com\/ca\/wp-json\/wp\/v2\/users\/8"}],"replies":[{"embeddable":true,"href":"https:\/\/www.cinc.com\/ca\/wp-json\/wp\/v2\/comments?post=23559"}],"version-history":[{"count":2,"href":"https:\/\/www.cinc.com\/ca\/wp-json\/wp\/v2\/posts\/23559\/revisions"}],"predecessor-version":[{"id":23635,"href":"https:\/\/www.cinc.com\/ca\/wp-json\/wp\/v2\/posts\/23559\/revisions\/23635"}],"wp:featuredmedia":[{"embeddable":true,"href":"https:\/\/www.cinc.com\/ca\/wp-json\/wp\/v2\/media\/23636"}],"wp:attachment":[{"href":"https:\/\/www.cinc.com\/ca\/wp-json\/wp\/v2\/media?parent=23559"}],"wp:term":[{"taxonomy":"category","embeddable":true,"href":"https:\/\/www.cinc.com\/ca\/wp-json\/wp\/v2\/categories?post=23559"},{"taxonomy":"post_tag","embeddable":true,"href":"https:\/\/www.cinc.com\/ca\/wp-json\/wp\/v2\/tags?post=23559"}],"curies":[{"name":"wp","href":"https:\/\/api.w.org\/{rel}","templated":true}]}}