{"id":23085,"date":"2024-02-12T10:29:24","date_gmt":"2024-02-12T09:29:24","guid":{"rendered":"https:\/\/www.cinc.com\/?p=23085"},"modified":"2024-02-14T09:46:04","modified_gmt":"2024-02-14T08:46:04","slug":"entrevista-a-bestinver","status":"publish","type":"post","link":"https:\/\/www.cinc.com\/ca\/entrevista-a-bestinver\/","title":{"rendered":"Entrevista a Bestinver"},"content":{"rendered":"\n<p>Avui entrevistem a Oriol Ruiz Lara, encarregat de mantenir les relacions existents amb els inversors de la Delegaci\u00f3 de Catalunya.<\/p>\n\n\n\n<p><strong>Any de fundaci\u00f3:<\/strong> 1987<\/p>\n\n\n\n<p><strong>Sector: <\/strong>Financer<\/p>\n\n\n\n<p><strong>Lloc web:<\/strong> <a href=\"https:\/\/www.bestinver.es\/\">https:\/\/www.bestinver.es\/<\/a><\/p>\n\n\n\n<p><\/p>\n\n\n\n<h3 class=\"wp-block-heading\">A qu\u00e8 es dedica\u00a0Bestinver?<\/h3>\n\n\n\n<p>Bestinver,\u00a0\u00e9s\u00a0la gestora de Fons d&#8217;inversi\u00f3 i plans de pensions independent del grup Acciona, i es dedica a la gesti\u00f3 del patrimoni dels nostres inversors. Gestionem 5.919 M\u20ac de 46.000 inversors.<br><br>Tenim un dels equips\u00a0m\u00e9s\u00a0importants del territori on tenim una\u00a0gamma\u00a0de fons d&#8217;inversi\u00f3\u00a0de:<br><\/p>\n\n\n\n<ul class=\"wp-block-list\">\n<li>Renda Variable\u00a0Ib\u00e8rica<\/li>\n\n\n\n<li>Renda Variable Internacional<\/li>\n\n\n\n<li>Renda Variable Europa<\/li>\n\n\n\n<li>Renda Variable USA<\/li>\n\n\n\n<li>Renda fixa<\/li>\n<\/ul>\n\n\n\n<p>Tamb\u00e9 donem solucions a empreses amb:<\/p>\n\n\n\n<p><\/p>\n\n\n\n<ul class=\"wp-block-list\">\n<li>Plans de\u00a0pensions\u00a0per empreses<\/li>\n\n\n\n<li>Alternatives per a tresoreria<\/li>\n\n\n\n<li>Fomentar l&#8217;educaci\u00f3 financera d&#8217;empleats i directius<\/li>\n<\/ul>\n\n\n\n<p>A\u00a0m\u00e9s\u00a0hem creat una aplicaci\u00f3 per tal d&#8217;ajudar a particulars i empreses a aprendre sobre educaci\u00f3 financera per a tots els nivells, que\u00a0\u00e9s\u00a0BESTINVER\u00a0EDUCATIO. Una iniciativa gratu\u00efta que treballem amb Universitats, empreses, col\u00b7lectius i persones interessades.<br><\/p>\n\n\n\n<h3 class=\"wp-block-heading\">Com va sorgir la creaci\u00f3 de l&#8217;empresa?<\/h3>\n\n\n\n<p>Fa\u00a035\u00a0anys, es va crear per donar soluci\u00f3 a la gesti\u00f3 del patrimoni familiar del grup Acciona. Qui actualment participa en tots els nostres fons d&#8217;inversi\u00f3.<br><br>\u00c9s\u00a0important tenir en compte que som una gestora independent, i que existeix una alineaci\u00f3 d&#8217;interessos entre els nostres inversors i els fundadors, ja que totes les inversions estan participades pel\u00a0mateix\u00a0grup familiar i\u00a0Acciona.<br><\/p>\n\n\n\n<h3 class=\"wp-block-heading\">Esteu presents en altres mercats, a m\u00e9s a m\u00e9s de l&#8217;espanyol?<\/h3>\n\n\n\n<p>A nivell\u00a0d&#8217;oficines, donem cobertura a totes les comunitats, de forma presencial o telem\u00e0tica.<br><br>A nivell inversi\u00f3 som una\u00a0refer\u00e8ncia\u00a0en la gesti\u00f3 Europea\u00a0Value\u00a0amb un equip d&#8217;analistes i gestors d&#8217;experi\u00e8ncia internacional i contrastada, i tamb\u00e9 treballem altres geografies com pot ser\u00a0els Estats\u00a0Units o\u00a0Latam.<br><\/p>\n\n\n\n<h3 class=\"wp-block-heading\">Quins serveis oferiu i quin \u00e9s el vostre avantatge competitiu?<\/h3>\n\n\n\n<p>Informaci\u00f3 i contingut sobre inversions, des\u00a0d&#8217;una\u00a0aplicaci\u00f3 gratu\u00efta per fomentar\u00a0l&#8217;educaci\u00f3\u00a0financera per a tots els p\u00fablics fins a tenir una experi\u00e8ncia de\u00a035\u00a0anys donant rendibilitats en el llarg termini. Aix\u00ed\u00a0com\u00a0comptar amb el suport institucional del grup Acciona.<br><br>El nostre avantatge competitiu principal\u00a0\u00e9s\u00a0que tenim un dels equips gestors\u00a0m\u00e9s\u00a0grans i\u00a0m\u00e9s\u00a0qualificats per la quantitat de fons que tenim,\u00a0\u00e9s\u00a0important concentrar el focus en treballar l&#8217;excel\u00b7l\u00e8ncia en la gesti\u00f3, per aix\u00f2 els nostres gestors recullen premis, com millor gestora de\u00a0Renda\u00a0Variable Ib\u00e8rica del 2023 segons\u00a0Citywire.<br><\/p>\n\n\n\n<h3 class=\"wp-block-heading\">Quina \u00e9s la filosofia de\u00a0Bestinver?<\/h3>\n\n\n\n<p>La filosofia de\u00a0Bestinver\u00a0i la clau per tal de tenir una reputaci\u00f3 nacional\u00a0e\u00a0internacional,\u00a0es\u00a0la filosofia en Valor, o el\u00a0Value\u00a0Investing. Entendre molt b\u00e9 l&#8217;an\u00e0lisi fonamental de la companyia, el seu negoci, comprar amb un marge de seguretat i el llarg termini.<br><br>En\u00a0aquest entorn\u00a0de mercat\u00a0\u00e9s\u00a0important tenir empreses amb balan\u00e7os forts, que tinguin un creixement per sobre dels seus competidors i una posici\u00f3 de Caixa Neta positiva. Intentem trobar empreses que tinguin aquestes caracter\u00edstiques, ens reunim amb els equips directius de les empreses i analitzem tot el que considerem que ens pot donar una valoraci\u00f3 de\u00a0l&#8217;empresa, per tal de saber si comprem, no comprem, o volem comprar a un preu determinat.<br><br>Un altre punt important de la nostra filosofia\u00a0\u00e9s\u00a0valorar el marge de seguretat, no sempre entrem en una empresa que creiem que\u00a0t\u00e9\u00a0potencial, sense considerar una\u00a0difer\u00e8ncia\u00a0de preu\u00a0considerable, on per factors de mercat,\u00a0not\u00edcies\u00a0o soroll de l&#8217;entorn, pot arribar o no. Si no arriba, no comprem, tenim moltes idees per comprar, i som pacients.<br><br>La part del llarg termini\u00a0\u00e9s\u00a0el que\u00a0permet que el mercat reconegui les empreses pel seu valor, hi ha una\u00a0difer\u00e8ncia\u00a0entre el preu de cotitzaci\u00f3 i el valor, que amb el temps, si\u00a0l&#8217;empresa\u00a0\u00e9s\u00a0bona i fa b\u00e9 les coses, la tend\u00e8ncia\u00a0\u00e9s\u00a0confluir.<\/p>\n\n\n\n<p><\/p>\n\n\n\n<h3 class=\"wp-block-heading\">Quin \u00e9s el perfil dels vostres clients? A quina tipologia us dirigiu?<\/h3>\n\n\n\n<p>Treballem amb\u00a0tota classe\u00a0de client, des de particulars, empreses, fundacions o inversors institucionals. Cadasc\u00fa\u00a0t\u00e9\u00a0unes caracter\u00edstiques i necessitats a les quals podem donar soluci\u00f3 gr\u00e0cies a la nostra experi\u00e8ncia i pluralitat de l&#8217;equip gestor.<br><\/p>\n\n\n\n<h3 class=\"wp-block-heading\">Quines creieu que s\u00f3n les claus del vostre \u00e8xit?<\/h3>\n\n\n\n<p>Experi\u00e8ncia, rendibilitats hist\u00f2riques, independ\u00e8ncia a l&#8217;hora de prendre decisions i alineaci\u00f3 d&#8217;interessos dels nostres inversors amb el nostre accionista principal. Per\u00f2 sobretot, bon servei i qualitat humana a\u00a0l&#8217;hora\u00a0d&#8217;ajudar als nostres inversors.<br><br>\u00c9s important poder explicar qu\u00e8 est\u00e0 passant als mercats i preparar als nostres inversors per entendre\u00a0que\u00a0\u00e9s\u00a0la volatilitat i\u00a0adaptar-nos\u00a0a les necessitats canviants dels nostres inversors&#8230;.\u00a0\u00c9s per aix\u00f2 que donem un servei personalitzat, informant del posicionament dels nostres fons, o de com ent\u00e9n el nostre equip gestor l&#8217;entorn actual.<\/p>\n\n\n\n<p><\/p>\n\n\n\n<h3 class=\"wp-block-heading\">Qu\u00e8 \u00e9s all\u00f2 que m\u00e9s valoreu de CINC?<\/h3>\n\n\n\n<p>La proximitat de l&#8217;equip, el bon ambient que es respira, i com es cuiden els detalls\u00a0per tal que\u00a0tot pugui transmetre als visitants una energia positiva.<br><br>Van ser molt proactius a l&#8217;hora de proposar sinergies, d&#8217;explorar com poder ajudar i oferir contingut de qualitat als seus associats i un molt bon coneixement del seu client.<\/p>\n","protected":false},"excerpt":{"rendered":"<p>Entrevista a Bestinver, gestora de fons d&#8217;inversi\u00f3 i plans de pensions, independent del grup Acciona, amb accions per tot el m\u00f3n.<\/p>\n","protected":false},"author":8,"featured_media":23429,"comment_status":"open","ping_status":"open","sticky":false,"template":"","format":"standard","meta":{"_acf_changed":false,"_uag_custom_page_level_css":"","_jetpack_memberships_contains_paid_content":false,"footnotes":""},"categories":[19],"tags":[],"class_list":["post-23085","post","type-post","status-publish","format-standard","has-post-thumbnail","hentry","category-entrevistes"],"acf":[],"jetpack_featured_media_url":"https:\/\/www.cinc.com\/wp-content\/uploads\/2024\/02\/Fotos-Blog-CINC-WordPress-4-2-1.webp","uagb_featured_image_src":{"full":["https:\/\/www.cinc.com\/wp-content\/uploads\/2024\/02\/Fotos-Blog-CINC-WordPress-4-2-1.webp",1920,1080,false],"thumbnail":["https:\/\/www.cinc.com\/wp-content\/uploads\/2024\/02\/Fotos-Blog-CINC-WordPress-4-2-1-150x150.webp",150,150,true],"medium":["https:\/\/www.cinc.com\/wp-content\/uploads\/2024\/02\/Fotos-Blog-CINC-WordPress-4-2-1-300x169.webp",300,169,true],"medium_large":["https:\/\/www.cinc.com\/wp-content\/uploads\/2024\/02\/Fotos-Blog-CINC-WordPress-4-2-1-768x432.webp",768,432,true],"large":["https:\/\/www.cinc.com\/wp-content\/uploads\/2024\/02\/Fotos-Blog-CINC-WordPress-4-2-1-1024x576.webp",960,540,true],"1536x1536":["https:\/\/www.cinc.com\/wp-content\/uploads\/2024\/02\/Fotos-Blog-CINC-WordPress-4-2-1-1536x864.webp",1536,864,true],"2048x2048":["https:\/\/www.cinc.com\/wp-content\/uploads\/2024\/02\/Fotos-Blog-CINC-WordPress-4-2-1.webp",1920,1080,false],"gform-image-choice-sm":["https:\/\/www.cinc.com\/wp-content\/uploads\/2024\/02\/Fotos-Blog-CINC-WordPress-4-2-1.webp",300,169,false],"gform-image-choice-md":["https:\/\/www.cinc.com\/wp-content\/uploads\/2024\/02\/Fotos-Blog-CINC-WordPress-4-2-1.webp",400,225,false],"gform-image-choice-lg":["https:\/\/www.cinc.com\/wp-content\/uploads\/2024\/02\/Fotos-Blog-CINC-WordPress-4-2-1.webp",600,338,false]},"uagb_author_info":{"display_name":"F\u00e0tima Duran","author_link":"https:\/\/www.cinc.com\/ca\/author\/fatima\/"},"uagb_comment_info":0,"uagb_excerpt":"Entrevista a Bestinver, gestora de fons d'inversi\u00f3 i plans de pensions, independent del grup Acciona, amb accions per tot el m\u00f3n.","jetpack_sharing_enabled":true,"_links":{"self":[{"href":"https:\/\/www.cinc.com\/ca\/wp-json\/wp\/v2\/posts\/23085","targetHints":{"allow":["GET"]}}],"collection":[{"href":"https:\/\/www.cinc.com\/ca\/wp-json\/wp\/v2\/posts"}],"about":[{"href":"https:\/\/www.cinc.com\/ca\/wp-json\/wp\/v2\/types\/post"}],"author":[{"embeddable":true,"href":"https:\/\/www.cinc.com\/ca\/wp-json\/wp\/v2\/users\/8"}],"replies":[{"embeddable":true,"href":"https:\/\/www.cinc.com\/ca\/wp-json\/wp\/v2\/comments?post=23085"}],"version-history":[{"count":6,"href":"https:\/\/www.cinc.com\/ca\/wp-json\/wp\/v2\/posts\/23085\/revisions"}],"predecessor-version":[{"id":23111,"href":"https:\/\/www.cinc.com\/ca\/wp-json\/wp\/v2\/posts\/23085\/revisions\/23111"}],"wp:featuredmedia":[{"embeddable":true,"href":"https:\/\/www.cinc.com\/ca\/wp-json\/wp\/v2\/media\/23429"}],"wp:attachment":[{"href":"https:\/\/www.cinc.com\/ca\/wp-json\/wp\/v2\/media?parent=23085"}],"wp:term":[{"taxonomy":"category","embeddable":true,"href":"https:\/\/www.cinc.com\/ca\/wp-json\/wp\/v2\/categories?post=23085"},{"taxonomy":"post_tag","embeddable":true,"href":"https:\/\/www.cinc.com\/ca\/wp-json\/wp\/v2\/tags?post=23085"}],"curies":[{"name":"wp","href":"https:\/\/api.w.org\/{rel}","templated":true}]}}