{"id":22203,"date":"2024-01-24T11:40:34","date_gmt":"2024-01-24T10:40:34","guid":{"rendered":"https:\/\/www.cinc.com\/?p=22203"},"modified":"2024-01-26T10:38:49","modified_gmt":"2024-01-26T09:38:49","slug":"promocio-estrena-oficina-amb-sales-de-reunio-illimitades-i-parquing","status":"publish","type":"post","link":"https:\/\/www.cinc.com\/ca\/promocio-estrena-oficina-amb-sales-de-reunio-illimitades-i-parquing\/","title":{"rendered":"Promoci\u00f3: estrena oficina amb sales de reuni\u00f3 il\u00b7limitades i p\u00e0rquing"},"content":{"rendered":"\n<p>Volem que compleixis els teus prop\u00f2sits i a CINC t&#8217;ho posem f\u00e0cil: si contractes la teva nova oficina abans del 28 de febrer, t&#8217;obsequiem amb \u00fas il\u00b7limitat de sales de reuni\u00f3 i pla\u00e7a de garatge inclosa durant els tres primers mesos.<\/p>\n\n\n\n<h3 class=\"wp-block-heading\">Oficines equipades amb tots els serveis i terrasses amb vistes<\/h3>\n\n\n\n<figure class=\"wp-block-image size-large\"><img loading=\"lazy\" decoding=\"async\" width=\"1024\" height=\"576\" src=\"https:\/\/www.cinc.com\/wp-content\/uploads\/2024\/01\/oficinas-cinc-terraza-vistas-1024x576.webp\" alt=\"oficinas con terraza barcelona\" class=\"wp-image-22297\" srcset=\"https:\/\/www.cinc.com\/wp-content\/uploads\/2024\/01\/oficinas-cinc-terraza-vistas-1024x576.webp 1024w, https:\/\/www.cinc.com\/wp-content\/uploads\/2024\/01\/oficinas-cinc-terraza-vistas-300x169.webp 300w, https:\/\/www.cinc.com\/wp-content\/uploads\/2024\/01\/oficinas-cinc-terraza-vistas-768x432.webp 768w, https:\/\/www.cinc.com\/wp-content\/uploads\/2024\/01\/oficinas-cinc-terraza-vistas-1536x864.webp 1536w, https:\/\/www.cinc.com\/wp-content\/uploads\/2024\/01\/oficinas-cinc-terraza-vistas.webp 1920w\" sizes=\"auto, (max-width: 1024px) 100vw, 1024px\" \/><\/figure>\n\n\n\n<p>Tots els espais de treball que trobar\u00e0s a CINC tenen molta llum natural, i segueixen la filosofia \u201cflex space\u201d: ens adaptem a les teves necessitats en qualsevol moment perqu\u00e8 aprofitis tot el potencial de la teva empresa.<\/p>\n\n\n\n<p>Les nostres oficines s\u00f3n \u00e0mplies, amb mobiliari ergon\u00f2mic i \u00e0mplies taules perqu\u00e8 puguis treballar c\u00f2modament en les millors ubicacions: el 22@ de Barcelona, considerat el cl\u00faster empresarial m\u00e9s important de la ciutat; i el centre de Girona, a pocs minuts de l&#8217;estaci\u00f3 d&#8217;AVE.<\/p>\n\n\n\n<p>No coneixes encara les nostres terrasses? Les seves vistes panor\u00e0miques s\u00f3n ideals per als teus moments de desconnexi\u00f3, per a organitzar qualsevol tipus de servei d&#8217;\u00e0pats o esdeveniment, i fins i tot, per a treballar o mantenir reunions informals.<\/p>\n\n\n\n<p>A m\u00e9s, t&#8217;oferim sempre una atenci\u00f3 personalitzada perqu\u00e8 et sentis com a casa, i et facilitem tota la tecnologia que la teva empresa necessita: internet d&#8217;alta velocitat, l\u00ednies de dades exclusives, i molt m\u00e9s.<\/p>\n\n\n\n<h3 class=\"wp-block-heading\">Acc\u00e9s il\u00b7limitat a sales de reuni\u00f3<\/h3>\n\n\n\n<p>Les nostres sales de reuni\u00f3 tenen tot el que necessites per a oferir una imatge professional als teus clients i col\u00b7laboradors, i aconseguir que les teves reunions de treball siguin m\u00e9s productives:<\/p>\n\n\n\n<p><\/p>\n\n\n\n<ul class=\"wp-block-list\">\n<li>Totes equipades amb televisi\u00f3 i equips de videoconfer\u00e8ncia professionals.<\/li>\n\n\n\n<li>Modernes i confortables, perqu\u00e8 les teves hores de treball es passin volant.<\/li>\n<\/ul>\n\n\n\n<h3 class=\"wp-block-heading\">Pla\u00e7a de garatge en el mateix edifici<\/h3>\n\n\n\n<p>T&#8217;oferim la comoditat de tenir pla\u00e7a d&#8217;aparcament en el mateix edifici.<\/p>\n\n\n\n<p>Vols m\u00e9s informaci\u00f3? No dubtis a <a href=\"https:\/\/www.cinc.com\/contacte\/\">contactar<\/a> amb nosaltres.<\/p>\n","protected":false},"excerpt":{"rendered":"<p>Si llogues la teva nova oficina abans del 28 de febrer, rebr\u00e0s \u00fas il\u00b7limitat de sales de reuni\u00f3 i pla\u00e7a de garatge gratis durant els primers tres mesos.<\/p>\n","protected":false},"author":8,"featured_media":22337,"comment_status":"open","ping_status":"open","sticky":false,"template":"","format":"standard","meta":{"_acf_changed":false,"_uag_custom_page_level_css":"","_jetpack_memberships_contains_paid_content":false,"footnotes":""},"categories":[18,17,23],"tags":[],"class_list":["post-22203","post","type-post","status-publish","format-standard","has-post-thumbnail","hentry","category-assessoria","category-centre-de-negocis","category-promocions"],"acf":[],"jetpack_featured_media_url":"https:\/\/www.cinc.com\/wp-content\/uploads\/2024\/01\/oficinas-cinc-terraza-con-vistas-1.webp","uagb_featured_image_src":{"full":["https:\/\/www.cinc.com\/wp-content\/uploads\/2024\/01\/oficinas-cinc-terraza-con-vistas-1.webp",1920,1080,false],"thumbnail":["https:\/\/www.cinc.com\/wp-content\/uploads\/2024\/01\/oficinas-cinc-terraza-con-vistas-1-150x150.webp",150,150,true],"medium":["https:\/\/www.cinc.com\/wp-content\/uploads\/2024\/01\/oficinas-cinc-terraza-con-vistas-1-300x169.webp",300,169,true],"medium_large":["https:\/\/www.cinc.com\/wp-content\/uploads\/2024\/01\/oficinas-cinc-terraza-con-vistas-1-768x432.webp",768,432,true],"large":["https:\/\/www.cinc.com\/wp-content\/uploads\/2024\/01\/oficinas-cinc-terraza-con-vistas-1-1024x576.webp",960,540,true],"1536x1536":["https:\/\/www.cinc.com\/wp-content\/uploads\/2024\/01\/oficinas-cinc-terraza-con-vistas-1-1536x864.webp",1536,864,true],"2048x2048":["https:\/\/www.cinc.com\/wp-content\/uploads\/2024\/01\/oficinas-cinc-terraza-con-vistas-1.webp",1920,1080,false],"gform-image-choice-sm":["https:\/\/www.cinc.com\/wp-content\/uploads\/2024\/01\/oficinas-cinc-terraza-con-vistas-1.webp",300,169,false],"gform-image-choice-md":["https:\/\/www.cinc.com\/wp-content\/uploads\/2024\/01\/oficinas-cinc-terraza-con-vistas-1.webp",400,225,false],"gform-image-choice-lg":["https:\/\/www.cinc.com\/wp-content\/uploads\/2024\/01\/oficinas-cinc-terraza-con-vistas-1.webp",600,338,false]},"uagb_author_info":{"display_name":"F\u00e0tima Duran","author_link":"https:\/\/www.cinc.com\/ca\/author\/fatima\/"},"uagb_comment_info":0,"uagb_excerpt":"Si llogues la teva nova oficina abans del 28 de febrer, rebr\u00e0s \u00fas il\u00b7limitat de sales de reuni\u00f3 i pla\u00e7a de garatge gratis durant els primers tres mesos.","jetpack_sharing_enabled":true,"_links":{"self":[{"href":"https:\/\/www.cinc.com\/ca\/wp-json\/wp\/v2\/posts\/22203","targetHints":{"allow":["GET"]}}],"collection":[{"href":"https:\/\/www.cinc.com\/ca\/wp-json\/wp\/v2\/posts"}],"about":[{"href":"https:\/\/www.cinc.com\/ca\/wp-json\/wp\/v2\/types\/post"}],"author":[{"embeddable":true,"href":"https:\/\/www.cinc.com\/ca\/wp-json\/wp\/v2\/users\/8"}],"replies":[{"embeddable":true,"href":"https:\/\/www.cinc.com\/ca\/wp-json\/wp\/v2\/comments?post=22203"}],"version-history":[{"count":5,"href":"https:\/\/www.cinc.com\/ca\/wp-json\/wp\/v2\/posts\/22203\/revisions"}],"predecessor-version":[{"id":22301,"href":"https:\/\/www.cinc.com\/ca\/wp-json\/wp\/v2\/posts\/22203\/revisions\/22301"}],"wp:featuredmedia":[{"embeddable":true,"href":"https:\/\/www.cinc.com\/ca\/wp-json\/wp\/v2\/media\/22337"}],"wp:attachment":[{"href":"https:\/\/www.cinc.com\/ca\/wp-json\/wp\/v2\/media?parent=22203"}],"wp:term":[{"taxonomy":"category","embeddable":true,"href":"https:\/\/www.cinc.com\/ca\/wp-json\/wp\/v2\/categories?post=22203"},{"taxonomy":"post_tag","embeddable":true,"href":"https:\/\/www.cinc.com\/ca\/wp-json\/wp\/v2\/tags?post=22203"}],"curies":[{"name":"wp","href":"https:\/\/api.w.org\/{rel}","templated":true}]}}