{"id":2153,"date":"2018-11-15T00:00:00","date_gmt":"2018-11-15T00:00:00","guid":{"rendered":"https:\/\/www.cinc.com\/la-base-de-cotitzacio-dels-autonoms-augmentara-140-euros-anuals-lany-vinent\/"},"modified":"2018-11-15T00:00:00","modified_gmt":"2018-11-15T00:00:00","slug":"la-base-de-cotitzacio-dels-autonoms-augmentara-140-euros-anuals-lany-vinent","status":"publish","type":"post","link":"https:\/\/www.cinc.com\/ca\/la-base-de-cotitzacio-dels-autonoms-augmentara-140-euros-anuals-lany-vinent\/","title":{"rendered":"La base de cotitzaci\u00f3 dels aut\u00f2noms augmentar\u00e0 140 euros anuals l\u2019any vinent"},"content":{"rendered":"<p style=\"text-align: justify;\">\n\tLa base m&iacute;nima de cotitzaci&oacute; dels aut&ograve;noms pujar&agrave; el 2019 un 1,25%, segons ha acordat el Govern amb la majoria de les organitzacions d&rsquo;aut&ograve;noms. Aix&iacute;, la cotitzaci&oacute; passaria dels 932,70 euros als 944,35 euros mensuals, que es tradueix en un increment de la quota de 11,65 euros mensuals i 139,98 euros anuals.<\/p>\n<p style=\"text-align: justify;\">\n\tNo obstant aix&ograve;, el Govern contempla la possibilitat de destinar m&eacute;s protecci&oacute; social als aut&ograve;noms, ja que considera pot financiar-se amb l&rsquo;increment en les cotitzacions. Aquesta mesura proporcionaria una major cobertura als aut&ograve;noms pel que respecta a les baixes laborals per malaltia com&uacute;, cessament d&rsquo;activitat, protecci&oacute; per atur i millora de la formaci&oacute;, entre d&rsquo;altres.<\/p>\n<p style=\"text-align: justify;\">\n\tD&rsquo;altra banda, tamb&eacute; est&agrave; previst que la coneguda &ldquo;tarifa plana&rdquo; d&rsquo;aut&ograve;noms pugi de 50 a 60 euros al mes a partir del proper any, ja que els aut&ograve;noms beneficiaris d&rsquo;aquesta mesura tamb&eacute; &nbsp;podran accedir a les prestacions de les millores acordades.<\/p>\n<p style=\"text-align: justify;\">\n\tEl Govern i les organitzacions d&rsquo;aut&ograve;noms tamb&eacute; han tractat sobre la possibilitat que en el futur els aut&ograve;noms nom&eacute;s cotitzin a la Seguretat Social en funci&oacute; dels ingressos obtinguts. Aquesta possible reforma seria de gran transcend&egrave;ncia per als aut&ograve;noms, per&ograve; queda pendent de ser discutida l&rsquo;any vinent per l&rsquo;Executiu i els col&middot;lectius d&rsquo;aut&ograve;noms.<\/p>\n","protected":false},"excerpt":{"rendered":"<p style=\"text-align: justify;\">\n\t<span style=\"text-align: justify;\">La base m&iacute;nima de cotitzaci&oacute; dels aut&ograve;noms pujar&agrave; el 2019 un 1,25%, segons ha acordat el Govern amb la majoria de les organitzacions d&rsquo;aut&ograve;noms. Aix&iacute;, la cotitzaci&oacute; passaria dels 932,70 euros als 944,35 euros mensuals, que es tradueix en un increment de la quota de 11,65 euros mensuals i 139,98 euros anuals.<\/span><\/p>\n","protected":false},"author":2,"featured_media":2154,"comment_status":"open","ping_status":"open","sticky":false,"template":"","format":"standard","meta":{"_acf_changed":false,"_uag_custom_page_level_css":"","_jetpack_memberships_contains_paid_content":false,"footnotes":""},"categories":[18],"tags":[],"class_list":["post-2153","post","type-post","status-publish","format-standard","has-post-thumbnail","hentry","category-assessoria"],"acf":[],"jetpack_featured_media_url":"https:\/\/www.cinc.com\/wp-content\/uploads\/2023\/03\/711.jpg","uagb_featured_image_src":{"full":["https:\/\/www.cinc.com\/wp-content\/uploads\/2023\/03\/711.jpg",1013,361,false],"thumbnail":["https:\/\/www.cinc.com\/wp-content\/uploads\/2023\/03\/711.jpg",150,53,false],"medium":["https:\/\/www.cinc.com\/wp-content\/uploads\/2023\/03\/711.jpg",300,107,false],"medium_large":["https:\/\/www.cinc.com\/wp-content\/uploads\/2023\/03\/711.jpg",768,274,false],"large":["https:\/\/www.cinc.com\/wp-content\/uploads\/2023\/03\/711.jpg",960,342,false],"1536x1536":["https:\/\/www.cinc.com\/wp-content\/uploads\/2023\/03\/711.jpg",1013,361,false],"2048x2048":["https:\/\/www.cinc.com\/wp-content\/uploads\/2023\/03\/711.jpg",1013,361,false],"gform-image-choice-sm":["https:\/\/www.cinc.com\/wp-content\/uploads\/2023\/03\/711.jpg",300,107,false],"gform-image-choice-md":["https:\/\/www.cinc.com\/wp-content\/uploads\/2023\/03\/711.jpg",400,143,false],"gform-image-choice-lg":["https:\/\/www.cinc.com\/wp-content\/uploads\/2023\/03\/711.jpg",600,214,false]},"uagb_author_info":{"display_name":"Utrans","author_link":"https:\/\/www.cinc.com\/ca\/author\/utrans\/"},"uagb_comment_info":0,"uagb_excerpt":"La base m&iacute;nima de cotitzaci&oacute; dels aut&ograve;noms pujar&agrave; el 2019 un 1,25%, segons ha acordat el Govern amb la majoria de les organitzacions d&rsquo;aut&ograve;noms. Aix&iacute;, la cotitzaci&oacute; passaria dels 932,70 euros als 944,35 euros mensuals, que es tradueix en un increment de la quota de 11,65 euros mensuals i 139,98 euros anuals.","jetpack_sharing_enabled":true,"_links":{"self":[{"href":"https:\/\/www.cinc.com\/ca\/wp-json\/wp\/v2\/posts\/2153","targetHints":{"allow":["GET"]}}],"collection":[{"href":"https:\/\/www.cinc.com\/ca\/wp-json\/wp\/v2\/posts"}],"about":[{"href":"https:\/\/www.cinc.com\/ca\/wp-json\/wp\/v2\/types\/post"}],"author":[{"embeddable":true,"href":"https:\/\/www.cinc.com\/ca\/wp-json\/wp\/v2\/users\/2"}],"replies":[{"embeddable":true,"href":"https:\/\/www.cinc.com\/ca\/wp-json\/wp\/v2\/comments?post=2153"}],"version-history":[{"count":0,"href":"https:\/\/www.cinc.com\/ca\/wp-json\/wp\/v2\/posts\/2153\/revisions"}],"wp:featuredmedia":[{"embeddable":true,"href":"https:\/\/www.cinc.com\/ca\/wp-json\/wp\/v2\/media\/2154"}],"wp:attachment":[{"href":"https:\/\/www.cinc.com\/ca\/wp-json\/wp\/v2\/media?parent=2153"}],"wp:term":[{"taxonomy":"category","embeddable":true,"href":"https:\/\/www.cinc.com\/ca\/wp-json\/wp\/v2\/categories?post=2153"},{"taxonomy":"post_tag","embeddable":true,"href":"https:\/\/www.cinc.com\/ca\/wp-json\/wp\/v2\/tags?post=2153"}],"curies":[{"name":"wp","href":"https:\/\/api.w.org\/{rel}","templated":true}]}}