{"id":20649,"date":"2024-01-16T11:44:54","date_gmt":"2024-01-16T10:44:54","guid":{"rendered":"https:\/\/www.cinc.com\/?p=20649"},"modified":"2024-01-16T11:44:55","modified_gmt":"2024-01-16T10:44:55","slug":"noves-mesures-fiscals-que-entren-en-vigor-aquest-2024","status":"publish","type":"post","link":"https:\/\/www.cinc.com\/ca\/noves-mesures-fiscals-que-entren-en-vigor-aquest-2024\/","title":{"rendered":"Noves mesures fiscals que entren en vigor aquest 2024"},"content":{"rendered":"\n<p>Aquest any arrenca amb novetats en mat\u00e8ria tribut\u00e0ria que afecten les empreses, aut\u00f2noms i particulars. A continuaci\u00f3, enumerem els canvis m\u00e9s destacats:<\/p>\n\n\n\n<p>\u2022 Es prorroguen per al per\u00edode impositiu 2024 els l\u00edmits quantitatius excloents de l&#8217;aplicaci\u00f3 del m\u00e8tode d&#8217;estimaci\u00f3 objectiva de l&#8217;IRPF, a excepci\u00f3 de les activitats agr\u00edcoles, ramaderes i forestals, que tenen el l\u00edmit quantitatiu per volum d&#8217;ingressos. Tamb\u00e9 es prorroguen per al per\u00edode impositiu 2024 els l\u00edmits per a l&#8217;aplicaci\u00f3 del r\u00e8gim simplificat i el r\u00e8gim especial de l&#8217;agricultura, la ramaderia i la pesca, a l&#8217;IVA. El termini de ren\u00fancies i revocacions al m\u00e8tode abastar\u00e0 fins al 31 de gener del 2024.<\/p>\n\n\n\n<p>\u2022 S&#8217;amplia un any m\u00e9s l&#8217;\u00e0mbit temporal d&#8217;aplicaci\u00f3 de la deducci\u00f3 per obres de millora de l&#8217;efici\u00e8ncia energ\u00e8tica d&#8217;habitatges a l&#8217;IRPF, amb efectes des de l&#8217;1 de gener del 2024<\/p>\n\n\n\n<p>\u2022 Es recull legalment que es podr\u00e0 establir l&#8217;obligaci\u00f3 de presentaci\u00f3 de la declaraci\u00f3 de l&#8217;IRPF per mitjans electr\u00f2nics sempre que l&#8217;Administraci\u00f3 tribut\u00e0ria asseguri l&#8217;atenci\u00f3 personalitzada als contribuents que necessitin assist\u00e8ncia per emplenar la declaraci\u00f3 per aquests mitjans. Un cop finalitzada la primera campanya de presentaci\u00f3 de la declaraci\u00f3 des de l&#8217;entrada en vigor d&#8217;aquesta modificaci\u00f3 (29\/12\/2023), l&#8217;Ag\u00e8ncia Estatal d&#8217;Administraci\u00f3 Tribut\u00e0ria far\u00e0 la valoraci\u00f3 de la sufici\u00e8ncia de les mesures d&#8217;assist\u00e8ncia.<\/p>\n\n\n\n<p>\u2022 Es prorroga l&#8217;aplicaci\u00f3 de l&#8217;impost temporal de solidaritat de les grans fortunes aprovat per la Llei 38\/2022, mentre no es produeixi la revisi\u00f3 de la tributaci\u00f3 patrimonial en el context de la reforma del sistema de finan\u00e7ament auton\u00f2mic. A m\u00e9s, s&#8217;est\u00e9n el m\u00ednim exempt de 700.000 euros a tots els subjectes passius de l&#8217;impost, amb independ\u00e8ncia que siguin o no residents a Espanya, amb efectes des de l&#8217;entrada en vigor de la Llei 38\/2022. Tamb\u00e9 s\u2019estableix la presentaci\u00f3 obligat\u00f2ria de la declaraci\u00f3 per mitjans electr\u00f2nics.<\/p>\n\n\n\n<p>\u2022 Es recull legalment que podr\u00e0 establir l&#8217;obligaci\u00f3 de presentaci\u00f3 de la declaraci\u00f3 de l&#8217;impost sobre patrimoni per mitjans electr\u00f2nics.<\/p>\n\n\n\n<p>\u2022 Impost sobre societats. Llibertat d&#8217;amortitzaci\u00f3 en inversions que utilitzen energia procedent de fonts renovables. Es prorroga un any m\u00e9s la mesura inicialment prevista per a les inversions realitzades el 2023, per la qual els contribuents podien amortitzar lliurement les inversions efectuades en instal\u00b7lacions destinades a l&#8217;autoconsum d&#8217;energia el\u00e8ctrica, aix\u00ed com aquelles instal\u00b7lacions per a \u00fas t\u00e8rmic de consum propi, sempre que utilitzessin energia procedent de fonts renovables i substitu\u00efssin instal\u00b7lacions que utilitzessin energia procedent de fonts no renovables f\u00f2ssils i l&#8217;entrada en funcionament de les quals s&#8217;hagu\u00e9s produ\u00eft l&#8217;any 2023, tot aix\u00f2 condicionat al compliment d&#8217;un requisit de manteniment de plantilla. Amb aquesta modificaci\u00f3, la llibertat d&#8217;amortitzaci\u00f3 prevista en la disposici\u00f3 addicional esmentada es prorroga un any m\u00e9s, per la qual cosa l&#8217;entrada en funcionament de les inversions esmentades es podr\u00e0 fer el 2024.<\/p>\n\n\n\n<p>\u2022 Actualitza els imports dels coeficients m\u00e0xims a aplicar per a la determinaci\u00f3 de la base imposable de l&#8217;impost sobre l&#8217;increment del valor dels terrenys de naturalesa urbana, amb efectes des de l&#8217;1 de gener del 2024.<\/p>\n\n\n\n<p>\u2022 Es prorroga l&#8217;aplicaci\u00f3 del tipus impositiu del 0% a l&#8217;IVA que recau sobre els productes b\u00e0sics d&#8217;alimentaci\u00f3, aix\u00ed com la del tipus del 5% amb qu\u00e8 resulten gravats els olis d&#8217;oliva i de llavors i les pastes aliment\u00e0ries, per contribuir a la reducci\u00f3 del preu final d&#8217;aquests aliments durant el primer semestre del 2024.<\/p>\n\n\n\n<p>Fins el 30 de juny de 2024, s&#8217;aplicar\u00e0 el tipus del 5% de l&#8217;IVA als lliuraments, importacions i adquisicions intracomunit\u00e0ries dels productes seg\u00fcents:<\/p>\n\n\n\n<p>a) Els olis d&#8217;oliva i de llavors.<br>b) Les pastes aliment\u00e0ries.<\/p>\n\n\n\n<p>El tipus del rec\u00e0rrec d&#8217;equival\u00e8ncia aplicable a aquestes operacions \u00e9s del 0,62 %.<\/p>\n\n\n\n<p>Fins el 30 de juny de 2024, s&#8217;aplicar\u00e0 el tipus del 0% de l&#8217;IVA als lliuraments, importacions i adquisicions intracomunit\u00e0ries dels productes seg\u00fcents:<\/p>\n\n\n\n<p>a) El pa com\u00fa, aix\u00ed com la massa de pa com\u00fa congelada i el pa com\u00fa congelat destinats exclusivament a l\u2019elaboraci\u00f3 del pa com\u00fa.<br>b) Les farines panificables.<br>c) Els seg\u00fcents tipus de llet produ\u00efda per qualsevol esp\u00e8cie animal: natural, certificada, pasteuritzada, concentrada, desnatada, esterilitzada, UHT, evaporada i en pols.<br>d) Els formatges.<br>e) Els ous.<br>f) Les fruites, verdures, hortalisses, llegums, tubercles i cereals, que tinguin la condici\u00f3 de productes naturals d&#8217;acord amb el Codi alimentari i les disposicions dictades per desenvolupar-lo.<\/p>\n\n\n\n<p>El tipus del rec\u00e0rrec d&#8217;equival\u00e8ncia aplicable a aquestes operacions \u00e9s del 0%.<\/p>\n\n\n\n<p>\u2022 Ser\u00e0 d&#8217;aplicaci\u00f3 des de l&#8217;1 de gener al 31 de desembre de 2024 el tipus redu\u00eft del 10% de l&#8217;IVA que recau sobre els lliuraments, les importacions i les adquisicions intracomunit\u00e0ries d&#8217;energia el\u00e8ctrica a favor de contractes de subministrament de baixa pot\u00e8ncia o que siguin perceptors del bo social d&#8217;electricitat i tinguin la conducci\u00f3 de consumidor vulnerables, en lloc del tipus del 5% aplicable fins al 31 de desembre de 2023. Tamb\u00e9 ser\u00e0 aplicable el tipus redu\u00eft del 10% de l&#8217;IVA als lliuraments de gas natural des de l&#8217;1 de gener fins al 31 de mar\u00e7 de 2024. La pr\u00f2rroga en la reducci\u00f3 impositiva tamb\u00e9 s&#8217;aplicar\u00e0 a les briquetes i pellets procedents de la biomassa i a la fusta per a llenya, que passen a tributar al tipus redu\u00eft del 10 % des de l&#8217;1 de gener fins el 30 de juny del 2024.<\/p>\n\n\n\n<p>\u2022 El tipus impositiu de l&#8217;impost especial sobre l&#8217;electricitat es fixa en el 2,5% durant el primer trimestre el 2024 i en el 3,8% durant el segon trimestre.<\/p>\n\n\n\n<p>\u2022 La suspensi\u00f3 de l&#8217;impost sobre el valor de la producci\u00f3 de l&#8217;energia el\u00e8ctrica s&#8217;ha prorrogat fins al 31 de desembre de 2023. Es considera necessari anar atenuant aquesta mesura excepcional que es va adoptar mitjan\u00e7ant el Reial decret llei 12\/2021 modificant la base imposable i l\u2019import dels pagaments fraccionats durant l\u2019exercici 2024.<\/p>\n\n\n\n<p>\u2022 Es prorroga al 2024 l&#8217;aplicaci\u00f3 dels grav\u00e0mens temporals energ\u00e8tic i d&#8217;entitats de cr\u00e8dit i establiments financers de cr\u00e8dit aprovats per la Llei 38\/2022, sense perjudici de l&#8217;establiment a la Llei de Pressupostos Generals de l&#8217;Estat per a l&#8217;any 2024 d&#8217;un incentiu que resultar\u00e0 d&#8217;aplicaci\u00f3 al sector energ\u00e8tic per a les inversions estrat\u00e8giques realitzades des de l&#8217;1 de gener de 2024 i de la revisi\u00f3 de la configuraci\u00f3 dels dos grav\u00e0mens per a la seva integraci\u00f3 en el sistema tributari en el mateix exercici fiscal 2024 i es concertaran o convindran, respectivament, amb la Comunitat Aut\u00f2noma del Pa\u00eds Basc i la Comunitat Foral de Navarra.<\/p>\n\n\n\n<p>Per a m\u00e9s informaci\u00f3, no dubtis de posar-te en <a href=\"https:\/\/www.cinc.com\/contacte\/\">contacte<\/a> amb el nostre <a href=\"https:\/\/www.cinc.com\/assessoria-dempreses\/assessoria-fiscal\/\">Departament Fiscal<\/a>.<\/p>\n","protected":false},"excerpt":{"rendered":"<p>Aquest any arrenca amb novetats en mat\u00e8ria tribut\u00e0ria que afecten les empreses, aut\u00f2noms i particulars. A continuaci\u00f3, enumerem els canvis m\u00e9s destacats.<\/p>\n","protected":false},"author":8,"featured_media":20642,"comment_status":"open","ping_status":"open","sticky":false,"template":"","format":"standard","meta":{"_acf_changed":false,"_uag_custom_page_level_css":"","_jetpack_memberships_contains_paid_content":false,"footnotes":""},"categories":[18],"tags":[],"class_list":["post-20649","post","type-post","status-publish","format-standard","has-post-thumbnail","hentry","category-assessoria"],"acf":[],"jetpack_featured_media_url":"https:\/\/www.cinc.com\/wp-content\/uploads\/2024\/01\/novedades-fiscales-2024.webp","uagb_featured_image_src":{"full":["https:\/\/www.cinc.com\/wp-content\/uploads\/2024\/01\/novedades-fiscales-2024.webp",1920,1080,false],"thumbnail":["https:\/\/www.cinc.com\/wp-content\/uploads\/2024\/01\/novedades-fiscales-2024-150x150.webp",150,150,true],"medium":["https:\/\/www.cinc.com\/wp-content\/uploads\/2024\/01\/novedades-fiscales-2024-300x169.webp",300,169,true],"medium_large":["https:\/\/www.cinc.com\/wp-content\/uploads\/2024\/01\/novedades-fiscales-2024-768x432.webp",768,432,true],"large":["https:\/\/www.cinc.com\/wp-content\/uploads\/2024\/01\/novedades-fiscales-2024-1024x576.webp",960,540,true],"1536x1536":["https:\/\/www.cinc.com\/wp-content\/uploads\/2024\/01\/novedades-fiscales-2024-1536x864.webp",1536,864,true],"2048x2048":["https:\/\/www.cinc.com\/wp-content\/uploads\/2024\/01\/novedades-fiscales-2024.webp",1920,1080,false],"gform-image-choice-sm":["https:\/\/www.cinc.com\/wp-content\/uploads\/2024\/01\/novedades-fiscales-2024.webp",300,169,false],"gform-image-choice-md":["https:\/\/www.cinc.com\/wp-content\/uploads\/2024\/01\/novedades-fiscales-2024.webp",400,225,false],"gform-image-choice-lg":["https:\/\/www.cinc.com\/wp-content\/uploads\/2024\/01\/novedades-fiscales-2024.webp",600,338,false]},"uagb_author_info":{"display_name":"F\u00e0tima Duran","author_link":"https:\/\/www.cinc.com\/ca\/author\/fatima\/"},"uagb_comment_info":0,"uagb_excerpt":"Aquest any arrenca amb novetats en mat\u00e8ria tribut\u00e0ria que afecten les empreses, aut\u00f2noms i particulars. A continuaci\u00f3, enumerem els canvis m\u00e9s destacats.","jetpack_sharing_enabled":true,"_links":{"self":[{"href":"https:\/\/www.cinc.com\/ca\/wp-json\/wp\/v2\/posts\/20649","targetHints":{"allow":["GET"]}}],"collection":[{"href":"https:\/\/www.cinc.com\/ca\/wp-json\/wp\/v2\/posts"}],"about":[{"href":"https:\/\/www.cinc.com\/ca\/wp-json\/wp\/v2\/types\/post"}],"author":[{"embeddable":true,"href":"https:\/\/www.cinc.com\/ca\/wp-json\/wp\/v2\/users\/8"}],"replies":[{"embeddable":true,"href":"https:\/\/www.cinc.com\/ca\/wp-json\/wp\/v2\/comments?post=20649"}],"version-history":[{"count":1,"href":"https:\/\/www.cinc.com\/ca\/wp-json\/wp\/v2\/posts\/20649\/revisions"}],"predecessor-version":[{"id":20650,"href":"https:\/\/www.cinc.com\/ca\/wp-json\/wp\/v2\/posts\/20649\/revisions\/20650"}],"wp:featuredmedia":[{"embeddable":true,"href":"https:\/\/www.cinc.com\/ca\/wp-json\/wp\/v2\/media\/20642"}],"wp:attachment":[{"href":"https:\/\/www.cinc.com\/ca\/wp-json\/wp\/v2\/media?parent=20649"}],"wp:term":[{"taxonomy":"category","embeddable":true,"href":"https:\/\/www.cinc.com\/ca\/wp-json\/wp\/v2\/categories?post=20649"},{"taxonomy":"post_tag","embeddable":true,"href":"https:\/\/www.cinc.com\/ca\/wp-json\/wp\/v2\/tags?post=20649"}],"curies":[{"name":"wp","href":"https:\/\/api.w.org\/{rel}","templated":true}]}}