{"id":1898,"date":"2018-01-15T00:00:00","date_gmt":"2018-01-15T00:00:00","guid":{"rendered":"https:\/\/www.cinc.com\/entrevista-a-eva-gutenberg\/"},"modified":"2025-05-02T11:49:18","modified_gmt":"2025-05-02T10:49:18","slug":"entrevista-a-eva-gutenberg","status":"publish","type":"post","link":"https:\/\/www.cinc.com\/ca\/entrevista-a-eva-gutenberg\/","title":{"rendered":"Entrevista a Eva Gutenberg"},"content":{"rendered":"<div style=\"text-align: justify;\"><span style=\"color: #ff6600;\"><strong>Any de fundaci\u00f3: <\/strong><\/span>2017<\/div>\n<div style=\"text-align: justify;\"><span style=\"color: #ff6600;\"><strong>Sector d\u2019activitat: <\/strong><\/span>Comunicaci\u00f3 i publicitat<\/div>\n<div style=\"text-align: justify;\"><span style=\"color: #ff6600;\"><strong>Ubicaci\u00f3: <\/strong><\/span>Barcelona<\/div>\n<div style=\"text-align: justify;\">Web: www.evagutenberg.com<\/div>\n<div style=\"text-align: justify;\"><\/div>\n<div style=\"text-align: justify;\"><span style=\"color: #ff6600;\"><strong>A qu\u00e8 es dedica Eva Gutenberg?<\/strong><\/span><\/div>\n<div style=\"text-align: justify;\"><\/div>\n<div style=\"text-align: justify;\">Eva Gutenberg dissenya i comunica imatge de marca. Creiem en la comunicaci\u00f3 creativa i innovadora en la forma, i tradicional en el fons; fem tamb\u00e9 comunicaci\u00f3 estrat\u00e8gica, perqu\u00e8 coneixem el terreny i comptem amb els perfils especialitzats i adequats per a cada projecte.<\/div>\n<div style=\"text-align: justify;\"><\/div>\n<div style=\"text-align: justify;\"><span style=\"color: #ff6600;\"><strong>Com va sorgir la idea de crear Eva Gutenberg?<\/strong><\/span><\/div>\n<div style=\"text-align: justify;\"><\/div>\n<div style=\"text-align: justify;\">La generaci\u00f3 del 74 \u00e9s una de les \u00faltimes en les quals no sona malament el concepte &#8220;tradicional&#8221; i d&#8217;aqu\u00ed que haguem escollit un cognom com &#8220;Gutenberg\u201d -inventor de la impremta i els tipus m\u00f2bils- per definir-nos en el sector, i completat el pseud\u00f2nim amb el nom de &#8220;Eva&#8221; pel seu significat (&#8220;aquella que d\u00f3na vida&#8221;). A Eva donem vida a la comunicaci\u00f3.<\/div>\n<div style=\"text-align: justify;\"><\/div>\n<div style=\"text-align: justify;\">Eva Gutenberg \u00e9s la resposta professional a les pimes que demanden serveis de disseny gr\u00e0fic, creativitat i comunicaci\u00f3 a un preu assequible i d&#8217;alta qualitat com a alternativa al format desfasat d&#8217;Ag\u00e8ncia de publicitat.<\/div>\n<div style=\"text-align: justify;\"><\/div>\n<div style=\"text-align: justify;\"><span style=\"color: #ff6600;\"><strong>Quins s\u00f3n els vostres serveis m\u00e9s demandats?<\/strong><\/span><\/div>\n<div style=\"text-align: justify;\"><\/div>\n<div style=\"text-align: justify;\">Professionals i pimes mostren m\u00e9s inter\u00e8s pels serveis cl\u00e0ssics de disseny gr\u00e0fic, creativitat i comunicaci\u00f3, amb propostes originals per cridar l&#8217;atenci\u00f3 dels usuaris dels seus productes o serveis. Tamb\u00e9, cada vegada amb m\u00e9s freq\u00fc\u00e8ncia ens demanen informaci\u00f3 de com definir i mantenir una estrat\u00e8gia de comunicaci\u00f3 rendible per al seu negoci.<\/div>\n<div style=\"text-align: justify;\"><\/div>\n<div style=\"text-align: justify;\">Per als departaments de m\u00e0rqueting i comunicaci\u00f3 de les empreses, la necessitat \u00e9s m\u00e9s la de mantenir un servei recurrent o preus competitius per a complementar i agilitzar les seves accions de marca.<\/div>\n<div style=\"text-align: justify;\"><\/div>\n<div style=\"text-align: justify;\"><span style=\"color: #ff6600;\"><strong>Quins perfils professionals componen l&#8217;equip d&#8217;Eva Gutenberg?<\/strong><\/span><\/div>\n<div style=\"text-align: justify;\"><\/div>\n<div style=\"text-align: justify;\">La direcci\u00f3 d&#8217;Eva Gutenberg \u00e9s la suma de tres perfils especialitzats en Direcci\u00f3 creativa, Direcci\u00f3 d&#8217;art i Direcci\u00f3 estrat\u00e8gica. Com a responsables de la gesti\u00f3 i organitzaci\u00f3 de l&#8217;equip, garanteixen la m\u00e0xima qualitat en cada un dels projectes que arriben a Eva.<\/div>\n<div style=\"text-align: justify;\"><\/div>\n<div style=\"text-align: justify;\"><span style=\"color: #ff6600;\"><strong>Qu\u00e8 distingeix Eva Gutenberg de la resta d&#8217;empreses del seu sector?<\/strong><\/span><\/div>\n<div style=\"text-align: justify;\"><\/div>\n<div style=\"text-align: justify;\">Segons diuen, Johannes Gutenberg va definir la impremta com: &#8220;Un ex\u00e8rcit de vint soldats de plom amb el qual es pot conquerir el m\u00f3n&#8221;.<\/div>\n<div style=\"text-align: justify;\"><\/div>\n<div style=\"text-align: justify;\">A Eva perseguim aquest objectiu, i estem orgullosos de comptar amb gran part d&#8217;aquest ex\u00e8rcit de 26 perfils de talent, tots ells professionals d&#8217;experi\u00e8ncia i preparats per respondre amb efic\u00e0cia a les necessitats espec\u00edfiques de cada projecte. No hi ha costos fixos que mantenir, per la qual cosa les nostres tarifes s&#8217;adapten com un guant a les necessitats de cada projecte.<\/div>\n<div style=\"text-align: justify;\"><\/div>\n<div style=\"text-align: justify;\"><span style=\"color: #ff6600;\"><strong>Qu\u00e8 \u00e9s el que m\u00e9s valoreu de CINC Assessoria i del programa 1Dia1Empresa?<\/strong><\/span><\/div>\n<div style=\"text-align: justify;\"><\/div>\n<div style=\"text-align: justify;\">La meva experi\u00e8ncia comen\u00e7a a 1Dia1Empresa per recomanaci\u00f3 d&#8217;una bona amiga per constituir la meva empresa sense cost, per\u00f2 aviat descobreixo per qu\u00e8 CINC \u00e9s un Centre de negocis de prestigi: t\u2019aporten confian\u00e7a, s&#8217;ocupen de la creaci\u00f3 de la societat i de les gestions habituals perqu\u00e8 puguis centrar-te en la teva feina amb la tranquil\u00b7litat d&#8217;estar en bones mans.<\/div>\n<div style=\"text-align: justify;\"><\/div>\n<div><\/div>\n","protected":false},"excerpt":{"rendered":"<p>\n\t<span style=\"text-align: justify;\">Eva Gutenberg dissenya i comunica imatge de marca. Creiem en la comunicaci&oacute; creativa i innovadora en la forma, i tradicional en el fons.<\/span><\/p>\n","protected":false},"author":2,"featured_media":1899,"comment_status":"open","ping_status":"open","sticky":false,"template":"","format":"standard","meta":{"_acf_changed":false,"_uag_custom_page_level_css":"","_jetpack_memberships_contains_paid_content":false,"footnotes":""},"categories":[17,19],"tags":[],"class_list":["post-1898","post","type-post","status-publish","format-standard","has-post-thumbnail","hentry","category-centre-de-negocis","category-entrevistes"],"acf":[],"jetpack_featured_media_url":"https:\/\/www.cinc.com\/wp-content\/uploads\/2023\/03\/657.jpg","uagb_featured_image_src":{"full":["https:\/\/www.cinc.com\/wp-content\/uploads\/2023\/03\/657.jpg",730,373,false],"thumbnail":["https:\/\/www.cinc.com\/wp-content\/uploads\/2023\/03\/657.jpg",150,77,false],"medium":["https:\/\/www.cinc.com\/wp-content\/uploads\/2023\/03\/657.jpg",300,153,false],"medium_large":["https:\/\/www.cinc.com\/wp-content\/uploads\/2023\/03\/657.jpg",730,373,false],"large":["https:\/\/www.cinc.com\/wp-content\/uploads\/2023\/03\/657.jpg",730,373,false],"1536x1536":["https:\/\/www.cinc.com\/wp-content\/uploads\/2023\/03\/657.jpg",730,373,false],"2048x2048":["https:\/\/www.cinc.com\/wp-content\/uploads\/2023\/03\/657.jpg",730,373,false],"gform-image-choice-sm":["https:\/\/www.cinc.com\/wp-content\/uploads\/2023\/03\/657.jpg",300,153,false],"gform-image-choice-md":["https:\/\/www.cinc.com\/wp-content\/uploads\/2023\/03\/657.jpg",400,204,false],"gform-image-choice-lg":["https:\/\/www.cinc.com\/wp-content\/uploads\/2023\/03\/657.jpg",600,307,false]},"uagb_author_info":{"display_name":"Utrans","author_link":"https:\/\/www.cinc.com\/ca\/author\/utrans\/"},"uagb_comment_info":0,"uagb_excerpt":"Eva Gutenberg dissenya i comunica imatge de marca. Creiem en la comunicaci&oacute; creativa i innovadora en la forma, i tradicional en el fons.","jetpack_sharing_enabled":true,"_links":{"self":[{"href":"https:\/\/www.cinc.com\/ca\/wp-json\/wp\/v2\/posts\/1898","targetHints":{"allow":["GET"]}}],"collection":[{"href":"https:\/\/www.cinc.com\/ca\/wp-json\/wp\/v2\/posts"}],"about":[{"href":"https:\/\/www.cinc.com\/ca\/wp-json\/wp\/v2\/types\/post"}],"author":[{"embeddable":true,"href":"https:\/\/www.cinc.com\/ca\/wp-json\/wp\/v2\/users\/2"}],"replies":[{"embeddable":true,"href":"https:\/\/www.cinc.com\/ca\/wp-json\/wp\/v2\/comments?post=1898"}],"version-history":[{"count":1,"href":"https:\/\/www.cinc.com\/ca\/wp-json\/wp\/v2\/posts\/1898\/revisions"}],"predecessor-version":[{"id":29824,"href":"https:\/\/www.cinc.com\/ca\/wp-json\/wp\/v2\/posts\/1898\/revisions\/29824"}],"wp:featuredmedia":[{"embeddable":true,"href":"https:\/\/www.cinc.com\/ca\/wp-json\/wp\/v2\/media\/1899"}],"wp:attachment":[{"href":"https:\/\/www.cinc.com\/ca\/wp-json\/wp\/v2\/media?parent=1898"}],"wp:term":[{"taxonomy":"category","embeddable":true,"href":"https:\/\/www.cinc.com\/ca\/wp-json\/wp\/v2\/categories?post=1898"},{"taxonomy":"post_tag","embeddable":true,"href":"https:\/\/www.cinc.com\/ca\/wp-json\/wp\/v2\/tags?post=1898"}],"curies":[{"name":"wp","href":"https:\/\/api.w.org\/{rel}","templated":true}]}}