{"id":18860,"date":"2024-05-14T07:23:42","date_gmt":"2024-05-14T06:23:42","guid":{"rendered":"https:\/\/www.cinc.com\/team-christmas-vine-a-celebrar-el-nadal-a-la-terrassa-de-cinc-girona\/"},"modified":"2024-05-22T11:42:15","modified_gmt":"2024-05-22T10:42:15","slug":"team-christmas-vine-a-celebrar-el-nadal-a-la-terrassa-de-cinc-girona","status":"publish","type":"post","link":"https:\/\/www.cinc.com\/ca\/team-christmas-vine-a-celebrar-el-nadal-a-la-terrassa-de-cinc-girona\/","title":{"rendered":"Team &#038; Christmas: vine a celebrar el Nadal a la terrassa de CINC Girona"},"content":{"rendered":"<p>Sabies que els esdeveniments corporatius contribueixen a enfortir els vincles i el comprom\u00eds dels treballadors? Les festes s\u00f3n una bona ocasi\u00f3 per fer reunir tot l\u2019equip de l\u2019empresa i fer activitats que reforcin el sentiment de pertinen\u00e7a a la companyia.<\/p>\n<p>Vols sorprendre els teus companys en un lloc \u00fanic amb vistes espectaculars a la ciutat de Girona? Veniu a fer una copa de cava a la terrassa 360CINC, un espai exclusiu per celebrar-hi tota mena d\u2019actes i celebracions. Coneix lel nostre sertvei <a href=\"http:\/\/cinc.com\/ca\/reunions-events-girona\/\">alquiler de sales a Girona<\/a> que inclou la nostra terrassa.<\/p>\n<h2 class=\"h2Noticia\">Pack \u201cTeam &amp; Christmas\u201d<\/h2>\n<hr \/>\n<p>Et proposem celebrar el Nadal amb el teu equip en un espai exclusiu: nosaltres ens encarreguem de tot! A m\u00e9s, posem a la teva disposici\u00f3 la nostra sala d\u2019actes perqu\u00e8 puguis organitzar-hi tota mena d\u2019actes corporatius.<\/p>\n<p>El pack \u201cTeam &amp; Christmas\u201d inclou:<\/p>\n<ul>\n<li>Lloguer de la terrassa per a \u00fas privat<\/li>\n<li>Lot de copa de cava, turrons i dol\u00e7os de Nadal<\/li>\n<li>C\u00e0tering (opcional)<\/li>\n<li>Organitzaci\u00f3 d\u2019esdeveniments\/xerrades (opcional)<\/li>\n<\/ul>\n<p style=\"text-align: center;\"><strong>Vols m\u00e9s informaci\u00f3? Reserva ara el teu pack! <\/strong><\/p>\n<p style=\"text-align: center;\"><a class=\"button botoTextBlanc btn-primary btn-round\" href=\"https:\/\/www.cinc.com\/ca\/contacte\/contacte\">CONTACTA AMB NOSALTRES<\/a><\/p>\n","protected":false},"excerpt":{"rendered":"<p style=\"text-align: justify;\">\n\tSabies que els esdeveniments corporatius contribueixen a enfortir els vincles i el comprom&iacute;s dels treballadors? Les festes s&oacute;n una bona ocasi&oacute; per fer reunir tot l&rsquo;equip de l&rsquo;empresa i fer activitats que reforcin el sentiment de pertinen&ccedil;a a la companyia. Aprofita la nostra terrassa de Girona i sorpr&egrave;n els teus companys.<\/p>\n","protected":false},"author":1,"featured_media":19272,"comment_status":"open","ping_status":"open","sticky":false,"template":"","format":"standard","meta":{"_acf_changed":false,"_uag_custom_page_level_css":"","_jetpack_memberships_contains_paid_content":false,"footnotes":""},"categories":[17,23],"tags":[],"class_list":["post-18860","post","type-post","status-publish","format-standard","has-post-thumbnail","hentry","category-centre-de-negocis","category-promocions"],"acf":[],"jetpack_featured_media_url":"https:\/\/www.cinc.com\/wp-content\/uploads\/2023\/12\/1267.jpg","uagb_featured_image_src":{"full":["https:\/\/www.cinc.com\/wp-content\/uploads\/2023\/12\/1267.jpg",1113,361,false],"thumbnail":["https:\/\/www.cinc.com\/wp-content\/uploads\/2023\/12\/1267-150x150.jpg",150,150,true],"medium":["https:\/\/www.cinc.com\/wp-content\/uploads\/2023\/12\/1267-300x97.jpg",300,97,true],"medium_large":["https:\/\/www.cinc.com\/wp-content\/uploads\/2023\/12\/1267-768x249.jpg",768,249,true],"large":["https:\/\/www.cinc.com\/wp-content\/uploads\/2023\/12\/1267-1024x332.jpg",960,311,true],"1536x1536":["https:\/\/www.cinc.com\/wp-content\/uploads\/2023\/12\/1267.jpg",1113,361,false],"2048x2048":["https:\/\/www.cinc.com\/wp-content\/uploads\/2023\/12\/1267.jpg",1113,361,false],"gform-image-choice-sm":["https:\/\/www.cinc.com\/wp-content\/uploads\/2023\/12\/1267.jpg",300,97,false],"gform-image-choice-md":["https:\/\/www.cinc.com\/wp-content\/uploads\/2023\/12\/1267.jpg",400,130,false],"gform-image-choice-lg":["https:\/\/www.cinc.com\/wp-content\/uploads\/2023\/12\/1267.jpg",600,195,false]},"uagb_author_info":{"display_name":"Pol","author_link":"https:\/\/www.cinc.com\/ca\/author\/pol\/"},"uagb_comment_info":0,"uagb_excerpt":"Sabies que els esdeveniments corporatius contribueixen a enfortir els vincles i el comprom&iacute;s dels treballadors? Les festes s&oacute;n una bona ocasi&oacute; per fer reunir tot l&rsquo;equip de l&rsquo;empresa i fer activitats que reforcin el sentiment de pertinen&ccedil;a a la companyia. Aprofita la nostra terrassa de Girona i sorpr&egrave;n els teus companys.","jetpack_sharing_enabled":true,"_links":{"self":[{"href":"https:\/\/www.cinc.com\/ca\/wp-json\/wp\/v2\/posts\/18860","targetHints":{"allow":["GET"]}}],"collection":[{"href":"https:\/\/www.cinc.com\/ca\/wp-json\/wp\/v2\/posts"}],"about":[{"href":"https:\/\/www.cinc.com\/ca\/wp-json\/wp\/v2\/types\/post"}],"author":[{"embeddable":true,"href":"https:\/\/www.cinc.com\/ca\/wp-json\/wp\/v2\/users\/1"}],"replies":[{"embeddable":true,"href":"https:\/\/www.cinc.com\/ca\/wp-json\/wp\/v2\/comments?post=18860"}],"version-history":[{"count":3,"href":"https:\/\/www.cinc.com\/ca\/wp-json\/wp\/v2\/posts\/18860\/revisions"}],"predecessor-version":[{"id":24887,"href":"https:\/\/www.cinc.com\/ca\/wp-json\/wp\/v2\/posts\/18860\/revisions\/24887"}],"wp:featuredmedia":[{"embeddable":true,"href":"https:\/\/www.cinc.com\/ca\/wp-json\/wp\/v2\/media\/19272"}],"wp:attachment":[{"href":"https:\/\/www.cinc.com\/ca\/wp-json\/wp\/v2\/media?parent=18860"}],"wp:term":[{"taxonomy":"category","embeddable":true,"href":"https:\/\/www.cinc.com\/ca\/wp-json\/wp\/v2\/categories?post=18860"},{"taxonomy":"post_tag","embeddable":true,"href":"https:\/\/www.cinc.com\/ca\/wp-json\/wp\/v2\/tags?post=18860"}],"curies":[{"name":"wp","href":"https:\/\/api.w.org\/{rel}","templated":true}]}}