{"id":18817,"date":"2023-06-26T00:00:00","date_gmt":"2023-06-26T00:00:00","guid":{"rendered":"https:\/\/www.cinc.com\/nova-convocatoria-2023-de-subvencions-per-a-la-competitivitat-i-modernitzacio-del-comerc\/"},"modified":"2023-12-21T11:33:31","modified_gmt":"2023-12-21T11:33:31","slug":"nova-convocatoria-2023-de-subvencions-per-a-la-competitivitat-i-modernitzacio-del-comerc","status":"publish","type":"post","link":"https:\/\/www.cinc.com\/ca\/nova-convocatoria-2023-de-subvencions-per-a-la-competitivitat-i-modernitzacio-del-comerc\/","title":{"rendered":"Nova convocat\u00f2ria 2023 de subvencions per a la competitivitat i modernitzaci\u00f3 del comer\u00e7"},"content":{"rendered":"<div style=\"text-align: justify;\">\n<p>\n\t\tLa Generalitat de Catalunya ha publicat a trav&eacute;s del CCMA una nova convocat&ograve;ria d&#39;ajuts la finalitat dels quals &eacute;s contribuir al manteniment de l&#39;ocupaci&oacute; de micro, petites, mitjanes empreses i aut&ograve;noms l&#39;activitat dels quals resideixi a Catalunya, aquella que s&#39;enfoca a la venda al detall a peu de carrer.<\/p>\n<p>\n\t\t<strong>Qui es pot beneficiar d&#39;aquestes ajudes?<\/strong><\/p>\n<ul>\n<li>\n\t\t\tLes persones professionals aut&ograve;nomes donades d&#39;alta al r&egrave;gim especial dels treballadors per compte propi o aut&ograve;noms, titulars d&#39;un establiment de comer&ccedil; al detall<\/li>\n<li>\n\t\t\tLes petites i mitjanes empreses titulars d&#39;un establiment de comer&ccedil; al detall, donades d&#39;alta al cens de l&#39;impost d&#39;activitats econ&ograve;miques<\/li>\n<li>\n\t\t\tLes entitats territorials, gremis i entitats sectorials de comer&ccedil; sense &agrave;nim de lucre i les associacions de mercats municipals sedentaris i no sedentaris<\/li>\n<\/ul>\n<p>\n\t\t<strong>Quins s&oacute;n els requisits per sol&middot;licitar aquests ajuts?<\/strong><\/p>\n<ul>\n<li>\n\t\t\tLa despesa m&iacute;nima subvencionable ha de ser de 2.000&euro;.<\/li>\n<li>\n\t\t\t&Eacute;s indispensable que el projecte estigui perfectament operatiu abans del 30 de setembre del 2023.<\/li>\n<li>\n\t\t\tLes solucions tecnol&ograve;giques han d&#39;estar com a m&iacute;nim en llengua catalana.<\/li>\n<li>\n\t\t\tEls projectes a subvencionar s&#39;han de dur a terme mitjan&ccedil;ant empreses especialitzades del sector que puguin acreditar la seva experi&egrave;ncia.<\/li>\n<\/ul>\n<p>\n\t\t<strong>Quina quantia t&eacute; l&rsquo;ajuda?<\/strong><\/p>\n<p>\n\t\tL&rsquo;import de la subvenci&oacute; &eacute;s de fins al 80% dels projectes amb un m&agrave;xim de 75.000&euro;.<\/p>\n<p>\n\t\t<strong>&Eacute;s compatible amb altres ajuts?<\/strong><\/p>\n<p>\n\t\tAquestes subvencions seran compatibles amb altres subvencions, ajuts, ingressos o recursos per a la mateixa finalitat, procedents de qualsevol administraci&oacute; o entitat, p&uacute;blica o privada. Tot i aix&ograve;, aquestes subvencions s&oacute;n incompatibles amb la recepci&oacute; d&#39;altres fons comunitaris per a l&#39;execuci&oacute; dels mateixos projectes d&#39;inversi&oacute;.<\/p>\n<p>\n\t\t<strong>Quines despeses s&oacute;n subvencionables?<\/strong><\/p>\n<ul>\n<li>\n\t\t\tEls projectes de noves tecnologies adre&ccedil;ats a millorar diferents &agrave;rees de l&#39;estrat&egrave;gia comercial en l&iacute;nia i de comunicaci&oacute;, del model de negoci i de l&#39;experi&egrave;ncia de compra.<\/li>\n<li>\n\t\t\tDespeses relacionades amb la transformaci&oacute; del punt de venda.<\/li>\n<li>\n\t\t\tCostos relatius a la sostenibilitat del planeta i l&rsquo;economia circular.<\/li>\n<\/ul>\n<p>\n\t\t<strong>Quin &eacute;s el termini de presentaci&oacute; d&rsquo;aquests ajuts?<\/strong><\/p>\n<p>\n\t\tEl termini est&agrave; obert des del 20 de juny al 19 de juliol de 2023<\/p>\n<\/div>\n<p>\n\t&nbsp;<\/p>\n","protected":false},"excerpt":{"rendered":"<div style=\"text-align: justify;\">\n<p>\n\t\tLa Generalitat de Catalunya ha publicat a trav&eacute;s del CCMA una nova convocat&ograve;ria d&#39;ajuts la finalitat dels quals &eacute;s contribuir al manteniment de l&#39;ocupaci&oacute; de micro, petites, mitjanes empreses i aut&ograve;noms l&#39;activitat dels quals resideixi a Catalunya, aquella que s&#39;enfoca a la venda al detall a peu de carrer.<\/p>\n<\/div>\n<p>\n\t&nbsp;<\/p>\n","protected":false},"author":1,"featured_media":19111,"comment_status":"open","ping_status":"open","sticky":false,"template":"","format":"standard","meta":{"_acf_changed":false,"_uag_custom_page_level_css":"","_jetpack_memberships_contains_paid_content":false,"footnotes":""},"categories":[18],"tags":[],"class_list":["post-18817","post","type-post","status-publish","format-standard","has-post-thumbnail","hentry","category-assessoria"],"acf":[],"jetpack_featured_media_url":"https:\/\/www.cinc.com\/wp-content\/uploads\/2023\/12\/1224.jpg","uagb_featured_image_src":{"full":["https:\/\/www.cinc.com\/wp-content\/uploads\/2023\/12\/1224.jpg",1113,361,false],"thumbnail":["https:\/\/www.cinc.com\/wp-content\/uploads\/2023\/12\/1224-150x150.jpg",150,150,true],"medium":["https:\/\/www.cinc.com\/wp-content\/uploads\/2023\/12\/1224-300x97.jpg",300,97,true],"medium_large":["https:\/\/www.cinc.com\/wp-content\/uploads\/2023\/12\/1224-768x249.jpg",768,249,true],"large":["https:\/\/www.cinc.com\/wp-content\/uploads\/2023\/12\/1224-1024x332.jpg",960,311,true],"1536x1536":["https:\/\/www.cinc.com\/wp-content\/uploads\/2023\/12\/1224.jpg",1113,361,false],"2048x2048":["https:\/\/www.cinc.com\/wp-content\/uploads\/2023\/12\/1224.jpg",1113,361,false],"gform-image-choice-sm":["https:\/\/www.cinc.com\/wp-content\/uploads\/2023\/12\/1224.jpg",300,97,false],"gform-image-choice-md":["https:\/\/www.cinc.com\/wp-content\/uploads\/2023\/12\/1224.jpg",400,130,false],"gform-image-choice-lg":["https:\/\/www.cinc.com\/wp-content\/uploads\/2023\/12\/1224.jpg",600,195,false]},"uagb_author_info":{"display_name":"Pol","author_link":"https:\/\/www.cinc.com\/ca\/author\/pol\/"},"uagb_comment_info":0,"uagb_excerpt":"La Generalitat de Catalunya ha publicat a trav&eacute;s del CCMA una nova convocat&ograve;ria d&#39;ajuts la finalitat dels quals &eacute;s contribuir al manteniment de l&#39;ocupaci&oacute; de micro, petites, mitjanes empreses i aut&ograve;noms l&#39;activitat dels quals resideixi a Catalunya, aquella que s&#39;enfoca a la venda al detall a peu de carrer. &nbsp;","jetpack_sharing_enabled":true,"_links":{"self":[{"href":"https:\/\/www.cinc.com\/ca\/wp-json\/wp\/v2\/posts\/18817","targetHints":{"allow":["GET"]}}],"collection":[{"href":"https:\/\/www.cinc.com\/ca\/wp-json\/wp\/v2\/posts"}],"about":[{"href":"https:\/\/www.cinc.com\/ca\/wp-json\/wp\/v2\/types\/post"}],"author":[{"embeddable":true,"href":"https:\/\/www.cinc.com\/ca\/wp-json\/wp\/v2\/users\/1"}],"replies":[{"embeddable":true,"href":"https:\/\/www.cinc.com\/ca\/wp-json\/wp\/v2\/comments?post=18817"}],"version-history":[{"count":1,"href":"https:\/\/www.cinc.com\/ca\/wp-json\/wp\/v2\/posts\/18817\/revisions"}],"predecessor-version":[{"id":18914,"href":"https:\/\/www.cinc.com\/ca\/wp-json\/wp\/v2\/posts\/18817\/revisions\/18914"}],"wp:featuredmedia":[{"embeddable":true,"href":"https:\/\/www.cinc.com\/ca\/wp-json\/wp\/v2\/media\/19111"}],"wp:attachment":[{"href":"https:\/\/www.cinc.com\/ca\/wp-json\/wp\/v2\/media?parent=18817"}],"wp:term":[{"taxonomy":"category","embeddable":true,"href":"https:\/\/www.cinc.com\/ca\/wp-json\/wp\/v2\/categories?post=18817"},{"taxonomy":"post_tag","embeddable":true,"href":"https:\/\/www.cinc.com\/ca\/wp-json\/wp\/v2\/tags?post=18817"}],"curies":[{"name":"wp","href":"https:\/\/api.w.org\/{rel}","templated":true}]}}