{"id":18787,"date":"2023-03-24T00:00:00","date_gmt":"2023-03-24T00:00:00","guid":{"rendered":"https:\/\/www.cinc.com\/novetats-legislatives-mesures-urgents-per-a-lampliacio-de-drets-dels-pensionistes-la-reduccio-de-la-bretxa-de-genere-i-nou-marc-de-sostenibilitat-del-sistema-public-de-pensions\/"},"modified":"2023-12-21T11:32:35","modified_gmt":"2023-12-21T11:32:35","slug":"novetats-legislatives-mesures-urgents-per-a-lampliacio-de-drets-dels-pensionistes-la-reduccio-de-la-bretxa-de-genere-i-nou-marc-de-sostenibilitat-del-sistema-public-de-pensions","status":"publish","type":"post","link":"https:\/\/www.cinc.com\/ca\/novetats-legislatives-mesures-urgents-per-a-lampliacio-de-drets-dels-pensionistes-la-reduccio-de-la-bretxa-de-genere-i-nou-marc-de-sostenibilitat-del-sistema-public-de-pensions\/","title":{"rendered":"Novetats legislatives: mesures urgents per a l&#8217;ampliaci\u00f3 de drets dels pensionistes, la reducci\u00f3 de la bretxa de g\u00e8nere i nou marc de sostenibilitat del sistema p\u00fablic de pensions"},"content":{"rendered":"<div style=\"text-align: justify;\">\n\tEl BOE del 17 de mar&ccedil;&nbsp; del 2023 ha publicat el Reial Decret Llei 2\/2023, de 16 de mar&ccedil;, que contempla un recull de mesures urgents&nbsp; per a consolidar el Pla de Recuperaci&oacute;, Transformaci&oacute; i Resili&egrave;ncia, ent&egrave;s com un conjunt de reformes relatives a l&#39;establiment de mesures per tal de sostenir el sistema p&uacute;blic de pensions.<\/div>\n<div style=\"text-align: justify;\">\n\t&nbsp;<\/div>\n<div style=\"text-align: justify;\">\n\tEntre les mesures en mat&egrave;ria laboral i de seguretat cal destacar sobre tot la que s&#39;ocupa de les pensions en quan a la forma de calcular-les, bonificacions de cotitzaci&oacute; i quanties a percebre, a l&#39;ampliaci&oacute; dels drets dels pensionistes,&nbsp; la revaloritzaci&oacute; de les pensions presents i futures, la reducci&oacute; de la bretxa de g&egrave;nere i entre d&#39;altres no penalitzar als treballador@s que hagin tingut carreres professionals irregulars.<\/div>\n<div style=\"text-align: justify;\">\n\t&nbsp;<\/div>\n<div style=\"text-align: justify;\">\n\tA continuaci&oacute;, seleccionem els 15 punts que considerem de m&eacute;s rellev&agrave;ncia. Els podeu trobar al seg&uuml;ent PDF.<\/div>\n<div>\n\t&nbsp;<\/div>\n<div style=\"text-align: center;\">\n\t<a class=\"button botoTextBlanc btn-primary btn-round\" href=\"https:\/\/www.cinc.com\/pubDocs\/Novetats%20legislatives.pdf\">M&eacute;s informaci&oacute;<\/a><\/div>\n<div style=\"text-align: center;\">\n\t&nbsp;<\/div>\n<div>\n<div>\n\t\t&nbsp;<\/div>\n<div>\n\t\tPer a qualsevol dubte, no dubtis a posar-te en contacte amb el nostre departament d&#39;assessoria laboral (laboral@cinc.es).<\/div>\n<div>\n\t\t&nbsp;<\/div>\n<div>\n\t\tO truca a qualsevol dels nostres centres:<\/div>\n<div>\n\t\t&nbsp;<\/div>\n<div>\n\t\t933 03 060 (Barcelona)<\/div>\n<div>\n\t\t972 505 100 (Figueres)<\/div>\n<div>\n\t\t972 940 940 (Girona)<\/div>\n<div>\n\t\t&nbsp;<\/div>\n<\/div>\n<div style=\"text-align: center;\">\n\t&nbsp;<\/div>\n","protected":false},"excerpt":{"rendered":"<p style=\"text-align: justify;\">\n\tEl BOE del 17 de mar&ccedil;&nbsp; del 2023 ha publicat el Reial Decret Llei 2\/2023, de 16 de mar&ccedil;, que contempla un recull de mesures urgents&nbsp; per a consolidar el Pla de Recuperaci&oacute;, Transformaci&oacute; i Resili&egrave;ncia, ent&egrave;s com un conjunt de reformes relatives a l&#39;establiment de mesures per tal de sostenir el sistema p&uacute;blic de pensions.<\/p>\n","protected":false},"author":1,"featured_media":18997,"comment_status":"open","ping_status":"open","sticky":false,"template":"","format":"standard","meta":{"_acf_changed":false,"_uag_custom_page_level_css":"","_jetpack_memberships_contains_paid_content":false,"footnotes":""},"categories":[18],"tags":[],"class_list":["post-18787","post","type-post","status-publish","format-standard","has-post-thumbnail","hentry","category-assessoria"],"acf":[],"jetpack_featured_media_url":"https:\/\/www.cinc.com\/wp-content\/uploads\/2023\/12\/1195.jpg","uagb_featured_image_src":{"full":["https:\/\/www.cinc.com\/wp-content\/uploads\/2023\/12\/1195.jpg",1113,361,false],"thumbnail":["https:\/\/www.cinc.com\/wp-content\/uploads\/2023\/12\/1195-150x150.jpg",150,150,true],"medium":["https:\/\/www.cinc.com\/wp-content\/uploads\/2023\/12\/1195-300x97.jpg",300,97,true],"medium_large":["https:\/\/www.cinc.com\/wp-content\/uploads\/2023\/12\/1195-768x249.jpg",768,249,true],"large":["https:\/\/www.cinc.com\/wp-content\/uploads\/2023\/12\/1195-1024x332.jpg",960,311,true],"1536x1536":["https:\/\/www.cinc.com\/wp-content\/uploads\/2023\/12\/1195.jpg",1113,361,false],"2048x2048":["https:\/\/www.cinc.com\/wp-content\/uploads\/2023\/12\/1195.jpg",1113,361,false],"gform-image-choice-sm":["https:\/\/www.cinc.com\/wp-content\/uploads\/2023\/12\/1195.jpg",300,97,false],"gform-image-choice-md":["https:\/\/www.cinc.com\/wp-content\/uploads\/2023\/12\/1195.jpg",400,130,false],"gform-image-choice-lg":["https:\/\/www.cinc.com\/wp-content\/uploads\/2023\/12\/1195.jpg",600,195,false]},"uagb_author_info":{"display_name":"Pol","author_link":"https:\/\/www.cinc.com\/ca\/author\/pol\/"},"uagb_comment_info":0,"uagb_excerpt":"El BOE del 17 de mar&ccedil;&nbsp; del 2023 ha publicat el Reial Decret Llei 2\/2023, de 16 de mar&ccedil;, que contempla un recull de mesures urgents&nbsp; per a consolidar el Pla de Recuperaci&oacute;, Transformaci&oacute; i Resili&egrave;ncia, ent&egrave;s com un conjunt de reformes relatives a l&#39;establiment de mesures per tal de sostenir el sistema p&uacute;blic de&hellip;","jetpack_sharing_enabled":true,"_links":{"self":[{"href":"https:\/\/www.cinc.com\/ca\/wp-json\/wp\/v2\/posts\/18787","targetHints":{"allow":["GET"]}}],"collection":[{"href":"https:\/\/www.cinc.com\/ca\/wp-json\/wp\/v2\/posts"}],"about":[{"href":"https:\/\/www.cinc.com\/ca\/wp-json\/wp\/v2\/types\/post"}],"author":[{"embeddable":true,"href":"https:\/\/www.cinc.com\/ca\/wp-json\/wp\/v2\/users\/1"}],"replies":[{"embeddable":true,"href":"https:\/\/www.cinc.com\/ca\/wp-json\/wp\/v2\/comments?post=18787"}],"version-history":[{"count":1,"href":"https:\/\/www.cinc.com\/ca\/wp-json\/wp\/v2\/posts\/18787\/revisions"}],"predecessor-version":[{"id":18883,"href":"https:\/\/www.cinc.com\/ca\/wp-json\/wp\/v2\/posts\/18787\/revisions\/18883"}],"wp:featuredmedia":[{"embeddable":true,"href":"https:\/\/www.cinc.com\/ca\/wp-json\/wp\/v2\/media\/18997"}],"wp:attachment":[{"href":"https:\/\/www.cinc.com\/ca\/wp-json\/wp\/v2\/media?parent=18787"}],"wp:term":[{"taxonomy":"category","embeddable":true,"href":"https:\/\/www.cinc.com\/ca\/wp-json\/wp\/v2\/categories?post=18787"},{"taxonomy":"post_tag","embeddable":true,"href":"https:\/\/www.cinc.com\/ca\/wp-json\/wp\/v2\/tags?post=18787"}],"curies":[{"name":"wp","href":"https:\/\/api.w.org\/{rel}","templated":true}]}}