{"id":18786,"date":"2023-03-20T00:00:00","date_gmt":"2023-03-20T00:00:00","guid":{"rendered":"https:\/\/www.cinc.com\/canvi-de-criteri-en-el-comput-de-la-jornada-laboral-sortir-a-fumar-o-fer-un-cafe-durant-la-feina-no-comptara-com-a-part-de-lhorari-laboral\/"},"modified":"2023-12-21T11:32:33","modified_gmt":"2023-12-21T11:32:33","slug":"canvi-de-criteri-en-el-comput-de-la-jornada-laboral-sortir-a-fumar-o-fer-un-cafe-durant-la-feina-no-comptara-com-a-part-de-lhorari-laboral","status":"publish","type":"post","link":"https:\/\/www.cinc.com\/ca\/canvi-de-criteri-en-el-comput-de-la-jornada-laboral-sortir-a-fumar-o-fer-un-cafe-durant-la-feina-no-comptara-com-a-part-de-lhorari-laboral\/","title":{"rendered":"Canvi de criteri en el c\u00f2mput de la jornada laboral: sortir a fumar, o fer un caf\u00e8 durant la feina no comptar\u00e0 com a part de l&#8217;horari laboral."},"content":{"rendered":"<div style=\"text-align: justify;\">\n<div>\n\t\tAix&iacute; ho ha decidit recentment el Tribunal Suprem&nbsp; que ha desestimat el recurs que CCOO va presentar contra l&#39;empresa Galp (2019) i en sent&egrave;ncia&nbsp; dicta que les empreses tenen dret a descomptar&nbsp; de la jornada laboral del seus treballad@rs el temps que aquests\/es&nbsp; hagin destinat a sortides per fer un caf&egrave; i\/o fumar.<\/div>\n<div>\n\t\t&nbsp;<\/div>\n<div>\n\t\tEl Tribunal Suprem ha sostingut la decisi&oacute; de l&#39;Audi&egrave;ncia Nacional, assenyalant que les pauses per fumar, prendre caf&egrave; i esmorzar no son temps efectiu de treball i, en conseq&uuml;&egrave;ncia, no han de ser considerades com a part de la jornada laboral.&nbsp; Amb l&#39;arribada de la <a href=\"https:\/\/www.cinc.com\/ca\/noticia\/registre-horari-obligatori--que-diu-la-nova-normativa-\">llei de registre de la jornada laboral<\/a>, els treballadors estan obligats a fitxar l&#39;inici i la fi de la jornada, per&ograve; amb aquesta sent&egrave;ncia s&#39;estableix un precedent perqu&egrave; les empreses puguin obligar a fitxar a les pauses i optar per si computen o no com a temps treballat.<\/div>\n<div>\n\t\t&nbsp;<\/div>\n<div>\n\t\tTot&nbsp; i aix&ograve; es tracta d&#39;una sentencia d&#39;un cas particular i el sindicat ja ha anunciat que presentar&agrave; recurs.&nbsp; Seguirem atents&nbsp; &nbsp;a la futura jurisprud&egrave;ncia per si es consolida com una norma general, i la pausa del caf&egrave;&nbsp; i fumar&nbsp; es consolida com a temps no treballat. En tal cas la decisi&oacute; &uacute;ltima la tindr&agrave; el Tribunal Suprem.<\/div>\n<div>\n\t\t&nbsp;<\/div>\n<div>\n<div>\n\t\t\tPer a qualsevol dubte, no dubtis a posar-te en contacte amb el nostre departament d&#39;assessoria laboral&nbsp;(laboral@cinc.es).<\/div>\n<div>\n\t\t\t&nbsp;<\/div>\n<div>\n\t\t\tO truca a qualsevol dels nostres centres:<\/div>\n<div>\n\t\t\t&nbsp;<\/div>\n<div>\n\t\t\t933 03 060 (Barcelona)<\/div>\n<div>\n\t\t\t972 505 100 (Figueres)<\/div>\n<div>\n\t\t\t972 940 940 (Girona)<\/div>\n<\/p><\/div>\n<\/div>\n<p>\n\t&nbsp;<\/p>\n","protected":false},"excerpt":{"rendered":"<div style=\"text-align: justify;\">\n\tAix&iacute; ho ha decidit recentment el Tribunal Suprem&nbsp; que ha desestimat el recurs que CCOO va presentar contra l&#39;empresa Galp (2019) i en sent&egrave;ncia&nbsp; dicta que les empreses tenen dret a descomptar&nbsp; de la jornada laboral del seus treballad@rs el temps que aquests\/es&nbsp; hagin destinat a sortides per fer un caf&egrave; i\/o fumar.<\/div>\n","protected":false},"author":1,"featured_media":18993,"comment_status":"open","ping_status":"open","sticky":false,"template":"","format":"standard","meta":{"_acf_changed":false,"_uag_custom_page_level_css":"","_jetpack_memberships_contains_paid_content":false,"footnotes":""},"categories":[18],"tags":[],"class_list":["post-18786","post","type-post","status-publish","format-standard","has-post-thumbnail","hentry","category-assessoria"],"acf":[],"jetpack_featured_media_url":"https:\/\/www.cinc.com\/wp-content\/uploads\/2023\/12\/1194.jpg","uagb_featured_image_src":{"full":["https:\/\/www.cinc.com\/wp-content\/uploads\/2023\/12\/1194.jpg",1113,361,false],"thumbnail":["https:\/\/www.cinc.com\/wp-content\/uploads\/2023\/12\/1194-150x150.jpg",150,150,true],"medium":["https:\/\/www.cinc.com\/wp-content\/uploads\/2023\/12\/1194-300x97.jpg",300,97,true],"medium_large":["https:\/\/www.cinc.com\/wp-content\/uploads\/2023\/12\/1194-768x249.jpg",768,249,true],"large":["https:\/\/www.cinc.com\/wp-content\/uploads\/2023\/12\/1194-1024x332.jpg",960,311,true],"1536x1536":["https:\/\/www.cinc.com\/wp-content\/uploads\/2023\/12\/1194.jpg",1113,361,false],"2048x2048":["https:\/\/www.cinc.com\/wp-content\/uploads\/2023\/12\/1194.jpg",1113,361,false],"gform-image-choice-sm":["https:\/\/www.cinc.com\/wp-content\/uploads\/2023\/12\/1194.jpg",300,97,false],"gform-image-choice-md":["https:\/\/www.cinc.com\/wp-content\/uploads\/2023\/12\/1194.jpg",400,130,false],"gform-image-choice-lg":["https:\/\/www.cinc.com\/wp-content\/uploads\/2023\/12\/1194.jpg",600,195,false]},"uagb_author_info":{"display_name":"Pol","author_link":"https:\/\/www.cinc.com\/ca\/author\/pol\/"},"uagb_comment_info":0,"uagb_excerpt":"Aix&iacute; ho ha decidit recentment el Tribunal Suprem&nbsp; que ha desestimat el recurs que CCOO va presentar contra l&#39;empresa Galp (2019) i en sent&egrave;ncia&nbsp; dicta que les empreses tenen dret a descomptar&nbsp; de la jornada laboral del seus treballad@rs el temps que aquests\/es&nbsp; hagin destinat a sortides per fer un caf&egrave; i\/o fumar.","jetpack_sharing_enabled":true,"_links":{"self":[{"href":"https:\/\/www.cinc.com\/ca\/wp-json\/wp\/v2\/posts\/18786","targetHints":{"allow":["GET"]}}],"collection":[{"href":"https:\/\/www.cinc.com\/ca\/wp-json\/wp\/v2\/posts"}],"about":[{"href":"https:\/\/www.cinc.com\/ca\/wp-json\/wp\/v2\/types\/post"}],"author":[{"embeddable":true,"href":"https:\/\/www.cinc.com\/ca\/wp-json\/wp\/v2\/users\/1"}],"replies":[{"embeddable":true,"href":"https:\/\/www.cinc.com\/ca\/wp-json\/wp\/v2\/comments?post=18786"}],"version-history":[{"count":1,"href":"https:\/\/www.cinc.com\/ca\/wp-json\/wp\/v2\/posts\/18786\/revisions"}],"predecessor-version":[{"id":18882,"href":"https:\/\/www.cinc.com\/ca\/wp-json\/wp\/v2\/posts\/18786\/revisions\/18882"}],"wp:featuredmedia":[{"embeddable":true,"href":"https:\/\/www.cinc.com\/ca\/wp-json\/wp\/v2\/media\/18993"}],"wp:attachment":[{"href":"https:\/\/www.cinc.com\/ca\/wp-json\/wp\/v2\/media?parent=18786"}],"wp:term":[{"taxonomy":"category","embeddable":true,"href":"https:\/\/www.cinc.com\/ca\/wp-json\/wp\/v2\/categories?post=18786"},{"taxonomy":"post_tag","embeddable":true,"href":"https:\/\/www.cinc.com\/ca\/wp-json\/wp\/v2\/tags?post=18786"}],"curies":[{"name":"wp","href":"https:\/\/api.w.org\/{rel}","templated":true}]}}